{"id":681,"date":"2015-07-16T15:02:34","date_gmt":"2015-07-16T14:02:34","guid":{"rendered":"http:\/\/www.nature-comminges.asso.fr\/?p=681"},"modified":"2016-06-12T20:05:01","modified_gmt":"2016-06-12T19:05:01","slug":"quelques-pas-dans-les-forets-du-comminges","status":"publish","type":"post","link":"http:\/\/www.nature-comminges.asso.fr\/index.php\/quelques-pas-dans-les-forets-du-comminges\/","title":{"rendered":"&nbsp; QUELQUES PAS DANS LES FORETS COMMINGEOISES &#8230;"},"content":{"rendered":"<p style=\"text-align: justify;\"><span style=\"font-family: Liberation Serif,serif;\"><span style=\"font-size: large;\"><a href=\"http:\/\/www.nature-comminges.asso.fr\/wp-content\/uploads\/2015\/07\/compr-expo-forets-serge-gousse.jpg\" rel=\"lightbox[681]\"><img loading=\"lazy\" class=\"alignleft wp-image-770 \" src=\"http:\/\/www.nature-comminges.asso.fr\/wp-content\/uploads\/2015\/07\/compr-expo-forets-serge-gousse.jpg\" alt=\"compr expo forets serge gousse\" width=\"400\" height=\"266\" srcset=\"http:\/\/www.nature-comminges.asso.fr\/wp-content\/uploads\/2015\/07\/compr-expo-forets-serge-gousse.jpg 1000w, http:\/\/www.nature-comminges.asso.fr\/wp-content\/uploads\/2015\/07\/compr-expo-forets-serge-gousse-300x200.jpg 300w, http:\/\/www.nature-comminges.asso.fr\/wp-content\/uploads\/2015\/07\/compr-expo-forets-serge-gousse-624x416.jpg 624w\" sizes=\"(max-width: 400px) 100vw, 400px\" \/><\/a>Cette exposition de 13 panneaux plastifi\u00e9s de 80X60, a \u00e9t\u00e9 r\u00e9alis\u00e9e avec le concours de nombreux b\u00e9n\u00e9voles de l&#8217;association.<\/span><\/span><\/p>\n<p style=\"text-align: justify;\"><span style=\"font-family: Liberation Serif,serif;\"><span style=\"font-size: large;\">Elle a \u00e9t\u00e9 pr\u00e9sent\u00e9e pour la premi\u00e8re fois \u00e0 Cardeilhac \u00e0 l&#8217;occasion des 100 ans de l&#8217;arboretum, en Octobre 2014. <br class=' sb-br' \/>\u00a0<\/span><\/span><\/p>\n<p style=\"text-align: center;\"><span style=\"font-family: Liberation Serif,serif;\"><span style=\"font-size: large;\"><a href=\"http:\/\/www.nature-comminges.asso.fr\/wp-content\/uploads\/2016\/06\/ARBRES%20ET FORETS DU COMMINGES Version definitive).pdf\" target=\"_blank\"><span style=\"color: #000080;\"><strong>Acc\u00e9der aux panneaux de l&#8217;exposition en miniature<\/strong><\/span><\/a><br \/>\n<\/span><\/span><\/p>\n<p style=\"text-align: justify;\"><span style=\"font-family: Liberation Serif,serif;\"><span style=\"font-size: large;\">\u00a0<br class=' sb-br' \/> L\u2019exposition est destin\u00e9e au pr\u00eat et \u00e0 la location.<\/span><\/span><\/p>\n<p style=\"text-align: justify;\"><span style=\"font-family: Liberation Serif,serif;\"><span style=\"font-size: large;\">N\u2019h\u00e9sitez pas \u00e0 nous contacter pour toute demande d\u2019information ! <br class=' sb-br' \/><br \/>\n<\/span><\/span><\/p>\n<p>&nbsp;<\/p>\n<p>&nbsp;<\/p>\n","protected":false},"excerpt":{"rendered":"<p>Cette exposition de 13 panneaux plastifi\u00e9s de 80X60, a \u00e9t\u00e9 r\u00e9alis\u00e9e avec le concours de nombreux b\u00e9n\u00e9voles de l&#8217;association. Elle a \u00e9t\u00e9 pr\u00e9sent\u00e9e pour la premi\u00e8re fois \u00e0 Cardeilhac \u00e0 l&#8217;occasion des 100 ans de l&#8217;arboretum, en Octobre 2014. \u00a0 Acc\u00e9der aux panneaux de l&#8217;exposition en miniature \u00a0 L\u2019exposition est destin\u00e9e au pr\u00eat et \u00e0 [&hellip;]<\/p>\n","protected":false},"author":1,"featured_media":0,"comment_status":"closed","ping_status":"open","sticky":false,"template":"","format":"standard","meta":[],"categories":[15],"tags":[20,21,17],"_links":{"self":[{"href":"http:\/\/www.nature-comminges.asso.fr\/index.php\/wp-json\/wp\/v2\/posts\/681"}],"collection":[{"href":"http:\/\/www.nature-comminges.asso.fr\/index.php\/wp-json\/wp\/v2\/posts"}],"about":[{"href":"http:\/\/www.nature-comminges.asso.fr\/index.php\/wp-json\/wp\/v2\/types\/post"}],"author":[{"embeddable":true,"href":"http:\/\/www.nature-comminges.asso.fr\/index.php\/wp-json\/wp\/v2\/users\/1"}],"replies":[{"embeddable":true,"href":"http:\/\/www.nature-comminges.asso.fr\/index.php\/wp-json\/wp\/v2\/comments?post=681"}],"version-history":[{"count":20,"href":"http:\/\/www.nature-comminges.asso.fr\/index.php\/wp-json\/wp\/v2\/posts\/681\/revisions"}],"predecessor-version":[{"id":2752,"href":"http:\/\/www.nature-comminges.asso.fr\/index.php\/wp-json\/wp\/v2\/posts\/681\/revisions\/2752"}],"wp:attachment":[{"href":"http:\/\/www.nature-comminges.asso.fr\/index.php\/wp-json\/wp\/v2\/media?parent=681"}],"wp:term":[{"taxonomy":"category","embeddable":true,"href":"http:\/\/www.nature-comminges.asso.fr\/index.php\/wp-json\/wp\/v2\/categories?post=681"},{"taxonomy":"post_tag","embeddable":true,"href":"http:\/\/www.nature-comminges.asso.fr\/index.php\/wp-json\/wp\/v2\/tags?post=681"}],"curies":[{"name":"wp","href":"https:\/\/api.w.org\/{rel}","templated":true}]}}