{"id":677,"date":"2015-07-16T14:45:41","date_gmt":"2015-07-16T13:45:41","guid":{"rendered":"http:\/\/www.nature-comminges.asso.fr\/?p=677"},"modified":"2015-11-24T15:12:23","modified_gmt":"2015-11-24T14:12:23","slug":"exposition-rapaces","status":"publish","type":"post","link":"http:\/\/www.nature-comminges.asso.fr\/index.php\/exposition-rapaces\/","title":{"rendered":"&nbsp; EXPOSITION RAPACES"},"content":{"rendered":"<p style=\"text-align: justify;\"><span style=\"font-family: Liberation Serif,serif;\"><span style=\"font-size: large;\"><a href=\"http:\/\/www.nature-comminges.asso.fr\/wp-content\/uploads\/2015\/07\/image-une-expo-rapaces3.jpg\" rel=\"lightbox[677]\"><img loading=\"lazy\" class=\" wp-image-698  alignleft\" src=\"http:\/\/www.nature-comminges.asso.fr\/wp-content\/uploads\/2015\/07\/image-une-expo-rapaces3.jpg\" alt=\"image une expo rapaces\" width=\"400\" height=\"267\" srcset=\"http:\/\/www.nature-comminges.asso.fr\/wp-content\/uploads\/2015\/07\/image-une-expo-rapaces3.jpg 1000w, http:\/\/www.nature-comminges.asso.fr\/wp-content\/uploads\/2015\/07\/image-une-expo-rapaces3-300x200.jpg 300w, http:\/\/www.nature-comminges.asso.fr\/wp-content\/uploads\/2015\/07\/image-une-expo-rapaces3-624x416.jpg 624w\" sizes=\"(max-width: 400px) 100vw, 400px\" \/><\/a> Cette exposition de 8 panneaux a \u00e9t\u00e9 enti\u00e8rement r\u00e9alis\u00e9e par Joel Duvernay, b\u00e9n\u00e9vole \u00e0 l\u2019association qui effectue des suivis d&#8217;esp\u00e8ces (milan royal, rapaces nocturnes) dans le Comminges. <br class=' sb-br' \/>\u00a0<\/span><\/span><\/p>\n<p style=\"text-align: center;\"><span style=\"font-family: Liberation Serif,serif; color: #000080;\"><span style=\"font-size: large;\"><a style=\"color: #000080;\" href=\"http:\/\/vieillesforets.com\/wp-content\/PDF\/aigle royal std.pdf\" target=\"_blank\"><strong>Exemple du panneau &#8220;Aigle royal&#8221;<\/strong><\/a><\/span><\/span><\/p>\n<p style=\"text-align: justify;\" align=\"justify\"><span style=\"font-family: Liberation Serif,serif;\"><span style=\"font-size: large;\"><br class=' sb-br' \/> L\u2019exposition est destin\u00e9e au pr\u00eat et \u00e0 la location. Le pr\u00eat, notamment dans les \u00e9coles, peut \u00eatre accompagn\u00e9 d&#8217;un expos\u00e9.<br \/>\n<\/span><\/span><\/p>\n<p style=\"text-align: justify;\" align=\"justify\"><span style=\"font-family: Liberation Serif,serif;\"><span style=\"font-size: large;\">N\u2019h\u00e9sitez pas \u00e0 nous contacter pour toute demande d\u2019information ! <br class=' sb-br' \/>\u00a0 <br class=' sb-br' \/>\u00a0<\/span><\/span><\/p>\n<p>&nbsp;<\/p>\n<p><span style=\"font-family: Liberation Serif,serif;\"><span style=\"font-size: large;\">\u00a0<\/span><\/span><\/p>\n","protected":false},"excerpt":{"rendered":"<p>Cette exposition de 8 panneaux a \u00e9t\u00e9 enti\u00e8rement r\u00e9alis\u00e9e par Joel Duvernay, b\u00e9n\u00e9vole \u00e0 l\u2019association qui effectue des suivis d&#8217;esp\u00e8ces (milan royal, rapaces nocturnes) dans le Comminges. \u00a0 Exemple du panneau &#8220;Aigle royal&#8221; L\u2019exposition est destin\u00e9e au pr\u00eat et \u00e0 la location. Le pr\u00eat, notamment dans les \u00e9coles, peut \u00eatre accompagn\u00e9 d&#8217;un expos\u00e9. N\u2019h\u00e9sitez pas [&hellip;]<\/p>\n","protected":false},"author":1,"featured_media":0,"comment_status":"closed","ping_status":"open","sticky":false,"template":"","format":"standard","meta":[],"categories":[15],"tags":[22,23,24,25,26,27],"_links":{"self":[{"href":"http:\/\/www.nature-comminges.asso.fr\/index.php\/wp-json\/wp\/v2\/posts\/677"}],"collection":[{"href":"http:\/\/www.nature-comminges.asso.fr\/index.php\/wp-json\/wp\/v2\/posts"}],"about":[{"href":"http:\/\/www.nature-comminges.asso.fr\/index.php\/wp-json\/wp\/v2\/types\/post"}],"author":[{"embeddable":true,"href":"http:\/\/www.nature-comminges.asso.fr\/index.php\/wp-json\/wp\/v2\/users\/1"}],"replies":[{"embeddable":true,"href":"http:\/\/www.nature-comminges.asso.fr\/index.php\/wp-json\/wp\/v2\/comments?post=677"}],"version-history":[{"count":27,"href":"http:\/\/www.nature-comminges.asso.fr\/index.php\/wp-json\/wp\/v2\/posts\/677\/revisions"}],"predecessor-version":[{"id":2046,"href":"http:\/\/www.nature-comminges.asso.fr\/index.php\/wp-json\/wp\/v2\/posts\/677\/revisions\/2046"}],"wp:attachment":[{"href":"http:\/\/www.nature-comminges.asso.fr\/index.php\/wp-json\/wp\/v2\/media?parent=677"}],"wp:term":[{"taxonomy":"category","embeddable":true,"href":"http:\/\/www.nature-comminges.asso.fr\/index.php\/wp-json\/wp\/v2\/categories?post=677"},{"taxonomy":"post_tag","embeddable":true,"href":"http:\/\/www.nature-comminges.asso.fr\/index.php\/wp-json\/wp\/v2\/tags?post=677"}],"curies":[{"name":"wp","href":"https:\/\/api.w.org\/{rel}","templated":true}]}}