{"id":5239,"date":"2025-12-06T21:16:51","date_gmt":"2025-12-06T20:16:51","guid":{"rendered":"http:\/\/www.nature-comminges.asso.fr\/?p=5239"},"modified":"2025-12-06T21:16:51","modified_gmt":"2025-12-06T20:16:51","slug":"novembre-2025-la-fete-des-plantations","status":"publish","type":"post","link":"http:\/\/www.nature-comminges.asso.fr\/index.php\/novembre-2025-la-fete-des-plantations\/","title":{"rendered":"Novembre 2025 &nbsp; La f\u00eate des plantations"},"content":{"rendered":"<p><span style=\"font-size: large;\">Comme chaque dernier dimanche de novembre, la F\u00eate des plantations organis\u00e9e par les Vergers retrouv\u00e9s du Comminges, se tenait \u00e0 la salle des f\u00eates de Labarthe-Inard. <\/span><!--more--><\/p>\n<p><span style=\"font-size: large;\">\u00a0<br class=' sb-br' \/> <br class=' sb-br' \/> Outre de nombreux stands sur les plantes, les pommes et le th\u00e8me des vieux outils utilis\u00e9s en arboriculture, l\u2019association Nature Comminges \u00e9tait pr\u00e9sente comme d\u2019habitude de 9h30 \u00e0 18h, avec ses fid\u00e8les b\u00e9n\u00e9voles (Jo\u00ebl S, Fran\u00e7ois, Sandrine, Barbara, Jean-Paul, Monique, Fran\u00e7oise), qui se sont relay\u00e9s pour \u00e9changer avec les nombreux visiteurs. <br class=' sb-br' \/>\u00a0<\/span><\/p>\n<p style=\"text-align: center;\"><a href=\"http:\/\/www.nature-comminges.asso.fr\/wp-content\/uploads\/2025\/12\/Fete-des-plantations-Stand-2025.jpg\" rel=\"lightbox[5239]\"><img loading=\"lazy\" class=\"alignnone size-full wp-image-5241\" src=\"http:\/\/www.nature-comminges.asso.fr\/wp-content\/uploads\/2025\/12\/Fete-des-plantations-Stand-2025.jpg\" alt=\"\" width=\"1000\" height=\"561\" srcset=\"http:\/\/www.nature-comminges.asso.fr\/wp-content\/uploads\/2025\/12\/Fete-des-plantations-Stand-2025.jpg 1000w, http:\/\/www.nature-comminges.asso.fr\/wp-content\/uploads\/2025\/12\/Fete-des-plantations-Stand-2025-300x168.jpg 300w, http:\/\/www.nature-comminges.asso.fr\/wp-content\/uploads\/2025\/12\/Fete-des-plantations-Stand-2025-768x431.jpg 768w, http:\/\/www.nature-comminges.asso.fr\/wp-content\/uploads\/2025\/12\/Fete-des-plantations-Stand-2025-624x350.jpg 624w\" sizes=\"(max-width: 1000px) 100vw, 1000px\" \/><\/a> <a href=\"http:\/\/www.nature-comminges.asso.fr\/wp-content\/uploads\/2025\/12\/Fete-des-plantations-11-2025-2.jpg\" rel=\"lightbox[5239]\"><img loading=\"lazy\" class=\"alignnone size-full wp-image-5242\" src=\"http:\/\/www.nature-comminges.asso.fr\/wp-content\/uploads\/2025\/12\/Fete-des-plantations-11-2025-2.jpg\" alt=\"\" width=\"282\" height=\"220\" \/><\/a><\/p>\n","protected":false},"excerpt":{"rendered":"<p>Comme chaque dernier dimanche de novembre, la F\u00eate des plantations organis\u00e9e par les Vergers retrouv\u00e9s du Comminges, se tenait \u00e0 la salle des f\u00eates de Labarthe-Inard.<\/p>\n","protected":false},"author":2,"featured_media":5240,"comment_status":"open","ping_status":"open","sticky":false,"template":"","format":"standard","meta":[],"categories":[6],"tags":[],"_links":{"self":[{"href":"http:\/\/www.nature-comminges.asso.fr\/index.php\/wp-json\/wp\/v2\/posts\/5239"}],"collection":[{"href":"http:\/\/www.nature-comminges.asso.fr\/index.php\/wp-json\/wp\/v2\/posts"}],"about":[{"href":"http:\/\/www.nature-comminges.asso.fr\/index.php\/wp-json\/wp\/v2\/types\/post"}],"author":[{"embeddable":true,"href":"http:\/\/www.nature-comminges.asso.fr\/index.php\/wp-json\/wp\/v2\/users\/2"}],"replies":[{"embeddable":true,"href":"http:\/\/www.nature-comminges.asso.fr\/index.php\/wp-json\/wp\/v2\/comments?post=5239"}],"version-history":[{"count":6,"href":"http:\/\/www.nature-comminges.asso.fr\/index.php\/wp-json\/wp\/v2\/posts\/5239\/revisions"}],"predecessor-version":[{"id":5248,"href":"http:\/\/www.nature-comminges.asso.fr\/index.php\/wp-json\/wp\/v2\/posts\/5239\/revisions\/5248"}],"wp:featuredmedia":[{"embeddable":true,"href":"http:\/\/www.nature-comminges.asso.fr\/index.php\/wp-json\/wp\/v2\/media\/5240"}],"wp:attachment":[{"href":"http:\/\/www.nature-comminges.asso.fr\/index.php\/wp-json\/wp\/v2\/media?parent=5239"}],"wp:term":[{"taxonomy":"category","embeddable":true,"href":"http:\/\/www.nature-comminges.asso.fr\/index.php\/wp-json\/wp\/v2\/categories?post=5239"},{"taxonomy":"post_tag","embeddable":true,"href":"http:\/\/www.nature-comminges.asso.fr\/index.php\/wp-json\/wp\/v2\/tags?post=5239"}],"curies":[{"name":"wp","href":"https:\/\/api.w.org\/{rel}","templated":true}]}}