{"id":5188,"date":"2024-12-02T13:30:39","date_gmt":"2024-12-02T12:30:39","guid":{"rendered":"http:\/\/www.nature-comminges.asso.fr\/?p=5188"},"modified":"2024-12-02T13:30:39","modified_gmt":"2024-12-02T12:30:39","slug":"novembre-2024-fete-des-plantations","status":"publish","type":"post","link":"http:\/\/www.nature-comminges.asso.fr\/index.php\/novembre-2024-fete-des-plantations\/","title":{"rendered":"Novembre 2024 &nbsp; F\u00eate des plantations"},"content":{"rendered":"<p><span style=\"font-size: large;\">Comme tous les ans, la F\u00eate des Plantations \u00e9tait organis\u00e9e ce dimanche 24 novembre 2024 \u00e0 Labarthe Inard. <br class=' sb-br' \/>\u00a0<\/span><!--more--><\/p>\n<p><span style=\"font-size: large;\">\u00a0<br class=' sb-br' \/> L&#8217;association Nature Comminges \u00e9tait repr\u00e9sent\u00e9 par Fran\u00e7oise, Monique, Barbara et Jean-Paul, Jo\u00ebl Salles et Fran\u00e7ois.<\/span><\/p>\n<p><span style=\"font-size: large;\">\u00a0<br class=' sb-br' \/> Le th\u00e8me de fond \u00e9tait l\u2019importance des sols. Une s\u00e9rie de panneaux expliquait l\u2019\u00e9volution et l\u2019int\u00e9r\u00eat des sols et une conf\u00e9rence de Marc Andr\u00e9 Selosse (L\u2019Origine du Monde) \u00e9tait pr\u00e9sent\u00e9e sous forme de vid\u00e9o. Mais un seul spectateur pour la visionner.<\/span><\/p>\n<p><span style=\"font-size: large;\">\u00a0<br class=' sb-br' \/> Pour l&#8217;Association Nature Comminges, le public s\u2019est surtout int\u00e9ress\u00e9 au castor et au milan royal. Beaucoup observent le milan chez eux et se montrent un peu \u00e9tonn\u00e9s qu\u2019il soit menac\u00e9. Les jeux pour enfants ont eu aussi un certain succ\u00e8s.<\/span><\/p>\n<p><span style=\"font-size: large;\">\u00a0<br class=' sb-br' \/> Il y avait davantage d\u2019exposants que les ann\u00e9es pr\u00e9c\u00e9dentes, mais moins de public. A l\u2019heure du repas la salle \u00e9tait vide.<\/span><\/p>\n<p><a href=\"http:\/\/www.nature-comminges.asso.fr\/wp-content\/uploads\/2024\/12\/202411242-Fetedesplantations-1.jpg\" rel=\"lightbox[5188]\"><img loading=\"lazy\" class=\"size-full wp-image-5181 aligncenter\" src=\"http:\/\/www.nature-comminges.asso.fr\/wp-content\/uploads\/2024\/12\/202411242-Fetedesplantations-1.jpg\" alt=\"\" width=\"1000\" height=\"561\" srcset=\"http:\/\/www.nature-comminges.asso.fr\/wp-content\/uploads\/2024\/12\/202411242-Fetedesplantations-1.jpg 1000w, http:\/\/www.nature-comminges.asso.fr\/wp-content\/uploads\/2024\/12\/202411242-Fetedesplantations-1-300x168.jpg 300w, http:\/\/www.nature-comminges.asso.fr\/wp-content\/uploads\/2024\/12\/202411242-Fetedesplantations-1-768x431.jpg 768w, http:\/\/www.nature-comminges.asso.fr\/wp-content\/uploads\/2024\/12\/202411242-Fetedesplantations-1-624x350.jpg 624w\" sizes=\"(max-width: 1000px) 100vw, 1000px\" \/><\/a><\/p>\n<p><a href=\"http:\/\/www.nature-comminges.asso.fr\/wp-content\/uploads\/2024\/12\/20241124_111050-w.jpg\" rel=\"lightbox[5188]\"><img loading=\"lazy\" class=\"size-full wp-image-5180 aligncenter\" src=\"http:\/\/www.nature-comminges.asso.fr\/wp-content\/uploads\/2024\/12\/20241124_111050-w.jpg\" alt=\"\" width=\"1000\" height=\"750\" srcset=\"http:\/\/www.nature-comminges.asso.fr\/wp-content\/uploads\/2024\/12\/20241124_111050-w.jpg 1000w, http:\/\/www.nature-comminges.asso.fr\/wp-content\/uploads\/2024\/12\/20241124_111050-w-300x225.jpg 300w, http:\/\/www.nature-comminges.asso.fr\/wp-content\/uploads\/2024\/12\/20241124_111050-w-768x576.jpg 768w, http:\/\/www.nature-comminges.asso.fr\/wp-content\/uploads\/2024\/12\/20241124_111050-w-624x468.jpg 624w\" sizes=\"(max-width: 1000px) 100vw, 1000px\" \/><\/a><\/p>\n","protected":false},"excerpt":{"rendered":"<p>Comme tous les ans, la F\u00eate des Plantations \u00e9tait organis\u00e9e ce dimanche 24 novembre 2024 \u00e0 Labarthe Inard. \u00a0<\/p>\n","protected":false},"author":2,"featured_media":5179,"comment_status":"open","ping_status":"open","sticky":false,"template":"","format":"standard","meta":[],"categories":[6],"tags":[],"_links":{"self":[{"href":"http:\/\/www.nature-comminges.asso.fr\/index.php\/wp-json\/wp\/v2\/posts\/5188"}],"collection":[{"href":"http:\/\/www.nature-comminges.asso.fr\/index.php\/wp-json\/wp\/v2\/posts"}],"about":[{"href":"http:\/\/www.nature-comminges.asso.fr\/index.php\/wp-json\/wp\/v2\/types\/post"}],"author":[{"embeddable":true,"href":"http:\/\/www.nature-comminges.asso.fr\/index.php\/wp-json\/wp\/v2\/users\/2"}],"replies":[{"embeddable":true,"href":"http:\/\/www.nature-comminges.asso.fr\/index.php\/wp-json\/wp\/v2\/comments?post=5188"}],"version-history":[{"count":1,"href":"http:\/\/www.nature-comminges.asso.fr\/index.php\/wp-json\/wp\/v2\/posts\/5188\/revisions"}],"predecessor-version":[{"id":5189,"href":"http:\/\/www.nature-comminges.asso.fr\/index.php\/wp-json\/wp\/v2\/posts\/5188\/revisions\/5189"}],"wp:featuredmedia":[{"embeddable":true,"href":"http:\/\/www.nature-comminges.asso.fr\/index.php\/wp-json\/wp\/v2\/media\/5179"}],"wp:attachment":[{"href":"http:\/\/www.nature-comminges.asso.fr\/index.php\/wp-json\/wp\/v2\/media?parent=5188"}],"wp:term":[{"taxonomy":"category","embeddable":true,"href":"http:\/\/www.nature-comminges.asso.fr\/index.php\/wp-json\/wp\/v2\/categories?post=5188"},{"taxonomy":"post_tag","embeddable":true,"href":"http:\/\/www.nature-comminges.asso.fr\/index.php\/wp-json\/wp\/v2\/tags?post=5188"}],"curies":[{"name":"wp","href":"https:\/\/api.w.org\/{rel}","templated":true}]}}