{"id":5139,"date":"2024-09-29T09:51:10","date_gmt":"2024-09-29T08:51:10","guid":{"rendered":"http:\/\/www.nature-comminges.asso.fr\/?p=5139"},"modified":"2024-09-29T09:51:10","modified_gmt":"2024-09-29T08:51:10","slug":"septembre-2024-suivi-de-la-migration-des-oiseaux","status":"publish","type":"post","link":"http:\/\/www.nature-comminges.asso.fr\/index.php\/septembre-2024-suivi-de-la-migration-des-oiseaux\/","title":{"rendered":"Septembre 2024 &nbsp; Suivi de la migration des oiseaux"},"content":{"rendered":"<p><span style=\"font-size: large;\">Le 14 septembre Nature Comminges et la LPO31 ont organis\u00e9 une sortie &#8220;migration&#8221; sur les cr\u00eates du Mourtis. <br class=' sb-br' \/>\u00a0<\/span><!--more--><\/p>\n<p><span style=\"font-size: large;\">\u00a0<br class=' sb-br' \/> <br class=' sb-br' \/> Un groupe d&#8217;une trentaine d&#8217;observateurs, dont 3 de la LPO17 originaires de l&#8217;\u00eele d&#8217;Ol\u00e9ron, se sont donc retrouv\u00e9s au pic d&#8217;Escales.<\/span><\/p>\n<p><span style=\"font-size: large;\">\u00a0<br class=' sb-br' \/> Les conditions m\u00e9t\u00e9orologiques \u00e9taient favorables, beau temps et vent de nord \/ nord-ouest.<\/span><\/p>\n<p><span style=\"font-size: large;\">\u00a0<br class=' sb-br' \/> Ce fut une journ\u00e9e fructueuse en termes de diversit\u00e9 d&#8217;esp\u00e8ces observ\u00e9es, m\u00eame si toutes n&#8217;\u00e9taient pas en migration.<\/span><\/p>\n<p><span style=\"font-size: large;\">\u00a0<br class=' sb-br' \/> Un grand merci \u00e0 toutes et tous pour votre participation, avec une mention particuli\u00e8re pour les sp\u00e9cialistes qui ont permis toutes ces identifications.<\/span><\/p>\n<p><span style=\"font-size: large;\">\u00a0<br class=' sb-br' \/> Esp\u00e8ces observ\u00e9es :<\/span><\/p>\n<p><span style=\"font-size: large;\">\u00a0<br class=' sb-br' \/> &#8211; Aigle Bott\u00e9<\/span><\/p>\n<p><span style=\"font-size: large;\">\u00a0<br class=' sb-br' \/> &#8211; Aigle Royal<\/span><\/p>\n<p><span style=\"font-size: large;\">\u00a0<br class=' sb-br' \/> &#8211; Bondr\u00e9e Apivore<\/span><\/p>\n<p><span style=\"font-size: large;\">\u00a0<br class=' sb-br' \/> &#8211; Busard Saint-Martin<\/span><\/p>\n<p><span style=\"font-size: large;\">\u00a0<br class=' sb-br' \/> &#8211; Buse Variable<\/span><\/p>\n<p><span style=\"font-size: large;\">\u00a0<br class=' sb-br' \/> &#8211; Chocard \u00e0 bec jaune<\/span><\/p>\n<p><span style=\"font-size: large;\">\u00a0<br class=' sb-br' \/> &#8211; Circa\u00e8te<\/span><\/p>\n<p><span style=\"font-size: large;\">\u00a0<br class=' sb-br' \/> &#8211; Corneille<\/span><\/p>\n<p><span style=\"font-size: large;\">\u00a0<br class=' sb-br' \/> &#8211; \u00c9pervier<\/span><\/p>\n<p><span style=\"font-size: large;\">\u00a0<br class=' sb-br' \/> &#8211; Faucon Cr\u00e9cerelle<\/span><\/p>\n<p><span style=\"font-size: large;\">\u00a0<br class=' sb-br' \/> &#8211; Grand Corbeau<\/span><\/p>\n<p><span style=\"font-size: large;\">\u00a0<br class=' sb-br' \/> &#8211; Hirondelle des Fen\u00eatres<\/span><\/p>\n<p><span style=\"font-size: large;\">\u00a0<br class=' sb-br' \/> &#8211; Hirondelle Rustique<\/span><\/p>\n<p><span style=\"font-size: large;\">\u00a0<br class=' sb-br' \/> &#8211; Milan Noir<\/span><\/p>\n<p><span style=\"font-size: large;\">\u00a0<br class=' sb-br' \/> &#8211; Milan Royal<\/span><\/p>\n<p><span style=\"font-size: large;\">\u00a0<br class=' sb-br' \/> &#8211; Vautour Fauve <br class=' sb-br' \/>\u00a0<\/span><\/p>\n<p><a href=\"http:\/\/www.nature-comminges.asso.fr\/wp-content\/uploads\/2024\/09\/suivi-migration-20241.jpg\" rel=\"lightbox[5139]\"><img loading=\"lazy\" class=\"size-full wp-image-5141 alignnone\" src=\"http:\/\/www.nature-comminges.asso.fr\/wp-content\/uploads\/2024\/09\/suivi-migration-20241.jpg\" alt=\"\" width=\"1000\" height=\"563\" srcset=\"http:\/\/www.nature-comminges.asso.fr\/wp-content\/uploads\/2024\/09\/suivi-migration-20241.jpg 1000w, http:\/\/www.nature-comminges.asso.fr\/wp-content\/uploads\/2024\/09\/suivi-migration-20241-300x169.jpg 300w, http:\/\/www.nature-comminges.asso.fr\/wp-content\/uploads\/2024\/09\/suivi-migration-20241-768x432.jpg 768w, http:\/\/www.nature-comminges.asso.fr\/wp-content\/uploads\/2024\/09\/suivi-migration-20241-624x351.jpg 624w\" sizes=\"(max-width: 1000px) 100vw, 1000px\" \/><\/a> <a href=\"http:\/\/www.nature-comminges.asso.fr\/wp-content\/uploads\/2024\/09\/suivi-migration-20243.jpg\" rel=\"lightbox[5139]\"><img loading=\"lazy\" class=\"size-full wp-image-5142 aligncenter\" src=\"http:\/\/www.nature-comminges.asso.fr\/wp-content\/uploads\/2024\/09\/suivi-migration-20243.jpg\" alt=\"\" width=\"1000\" height=\"563\" srcset=\"http:\/\/www.nature-comminges.asso.fr\/wp-content\/uploads\/2024\/09\/suivi-migration-20243.jpg 1000w, http:\/\/www.nature-comminges.asso.fr\/wp-content\/uploads\/2024\/09\/suivi-migration-20243-300x169.jpg 300w, http:\/\/www.nature-comminges.asso.fr\/wp-content\/uploads\/2024\/09\/suivi-migration-20243-768x432.jpg 768w, http:\/\/www.nature-comminges.asso.fr\/wp-content\/uploads\/2024\/09\/suivi-migration-20243-624x351.jpg 624w\" sizes=\"(max-width: 1000px) 100vw, 1000px\" \/><\/a> <a href=\"http:\/\/www.nature-comminges.asso.fr\/wp-content\/uploads\/2024\/09\/suivi-migration-20244.jpg\" rel=\"lightbox[5139]\"><img loading=\"lazy\" class=\"size-full wp-image-5143 aligncenter\" src=\"http:\/\/www.nature-comminges.asso.fr\/wp-content\/uploads\/2024\/09\/suivi-migration-20244.jpg\" alt=\"\" width=\"1000\" height=\"563\" srcset=\"http:\/\/www.nature-comminges.asso.fr\/wp-content\/uploads\/2024\/09\/suivi-migration-20244.jpg 1000w, http:\/\/www.nature-comminges.asso.fr\/wp-content\/uploads\/2024\/09\/suivi-migration-20244-300x169.jpg 300w, http:\/\/www.nature-comminges.asso.fr\/wp-content\/uploads\/2024\/09\/suivi-migration-20244-768x432.jpg 768w, http:\/\/www.nature-comminges.asso.fr\/wp-content\/uploads\/2024\/09\/suivi-migration-20244-624x351.jpg 624w\" sizes=\"(max-width: 1000px) 100vw, 1000px\" \/><\/a><\/p>\n","protected":false},"excerpt":{"rendered":"<p>Le 14 septembre Nature Comminges et la LPO31 ont organis\u00e9 une sortie &#8220;migration&#8221; sur les cr\u00eates du Mourtis. \u00a0<\/p>\n","protected":false},"author":2,"featured_media":5140,"comment_status":"open","ping_status":"open","sticky":false,"template":"","format":"standard","meta":[],"categories":[6],"tags":[],"_links":{"self":[{"href":"http:\/\/www.nature-comminges.asso.fr\/index.php\/wp-json\/wp\/v2\/posts\/5139"}],"collection":[{"href":"http:\/\/www.nature-comminges.asso.fr\/index.php\/wp-json\/wp\/v2\/posts"}],"about":[{"href":"http:\/\/www.nature-comminges.asso.fr\/index.php\/wp-json\/wp\/v2\/types\/post"}],"author":[{"embeddable":true,"href":"http:\/\/www.nature-comminges.asso.fr\/index.php\/wp-json\/wp\/v2\/users\/2"}],"replies":[{"embeddable":true,"href":"http:\/\/www.nature-comminges.asso.fr\/index.php\/wp-json\/wp\/v2\/comments?post=5139"}],"version-history":[{"count":2,"href":"http:\/\/www.nature-comminges.asso.fr\/index.php\/wp-json\/wp\/v2\/posts\/5139\/revisions"}],"predecessor-version":[{"id":5145,"href":"http:\/\/www.nature-comminges.asso.fr\/index.php\/wp-json\/wp\/v2\/posts\/5139\/revisions\/5145"}],"wp:featuredmedia":[{"embeddable":true,"href":"http:\/\/www.nature-comminges.asso.fr\/index.php\/wp-json\/wp\/v2\/media\/5140"}],"wp:attachment":[{"href":"http:\/\/www.nature-comminges.asso.fr\/index.php\/wp-json\/wp\/v2\/media?parent=5139"}],"wp:term":[{"taxonomy":"category","embeddable":true,"href":"http:\/\/www.nature-comminges.asso.fr\/index.php\/wp-json\/wp\/v2\/categories?post=5139"},{"taxonomy":"post_tag","embeddable":true,"href":"http:\/\/www.nature-comminges.asso.fr\/index.php\/wp-json\/wp\/v2\/tags?post=5139"}],"curies":[{"name":"wp","href":"https:\/\/api.w.org\/{rel}","templated":true}]}}