{"id":4984,"date":"2023-06-12T10:29:24","date_gmt":"2023-06-12T09:29:24","guid":{"rendered":"http:\/\/www.nature-comminges.asso.fr\/?p=4984"},"modified":"2023-06-12T13:25:41","modified_gmt":"2023-06-12T12:25:41","slug":"juin-2023-conference-de-a-nature-comminges-et-de-la-fne","status":"publish","type":"post","link":"http:\/\/www.nature-comminges.asso.fr\/index.php\/juin-2023-conference-de-a-nature-comminges-et-de-la-fne\/","title":{"rendered":"Juin 2023 &nbsp; Conf\u00e9rence de A. Nature Comminges et de la FNE"},"content":{"rendered":"<p><span style=\"font-size: large;\">Ce 05\/06\/2023, les habitant(e)s du Comminges ont r\u00e9pondu pr\u00e9sents \u00e0 notre invitation avec environ 135 participant(e)s pour cette soir\u00e9e conf\u00e9rence sur la cellulose de Saint-Gaudens. <\/span><!--more--><\/p>\n<p style=\"text-align: justify;\"><span style=\"font-size: large;\"> <br class=' sb-br' \/> <br class=' sb-br' \/> C&#8217;est une r\u00e9ussite et \u00e7a montre la pr\u00e9occupation de la population relative \u00e0 la cellulose <\/span><span style=\"font-size: large;\">tant sur la pollution que sur les risques industriels. <br class=' sb-br' \/>\u00a0<\/span><\/p>\n<p style=\"text-align: justify;\"><span style=\"font-size: large;\">Nous d\u00e9plorons l\u2019absence des \u00e9lus locaux des ex\u00e9cutifs en place, commune et communaut\u00e9 de communes qui auraient d\u00fb \u00eatre pr\u00e9sents pour soutenir la population. Tous les th\u00e8mes abord\u00e9s ce soir font partie de leurs responsabilit\u00e9s et de leur champ d\u2019action. <br class=' sb-br' \/>\u00a0<\/span><\/p>\n<p style=\"text-align: justify;\"><span style=\"font-size: large;\">Apr\u00e8s une introduction par les associations organisatrices Nature Comminges et FNE Midi-Pyr\u00e9n\u00e9es, Jean-Michel Minovez, enseignant chercheur \u00e0 l\u2019institut Geode CNRS, a r\u00e9alis\u00e9 un expos\u00e9 de 1 heure environ. S\u2019en est suivi un temps d&#8217;\u00e9changes avec la salle puis un moment convivial. La soir\u00e9e s\u2019est termin\u00e9e vers 22h30. Deux autres chercheurs scientifiques du Laboratoire d\u2019Ecologie Fonctionnelle et Environnementale, sp\u00e9cialistes des pollutions, \u00e9taient pr\u00e9sents. <br class=' sb-br' \/>\u00a0<\/span><\/p>\n<p style=\"text-align: justify;\"><span style=\"font-size: large;\">Le conf\u00e9rencier a r\u00e9alis\u00e9 son expos\u00e9 sur le processus d\u2019accommodement qui existe entre l\u2019industrie, l\u2019Etat et les \u00e9lus depuis le d\u00e9but du XIXe si\u00e8cle. La situation que nous vivons dans le Comminges en est une parfaite illustration. Dispositions l\u00e9gislatives, r\u00e9partition des r\u00f4les et positionnement des acteurs institutionnels permettent que la logique de produire plus, et donc du droit \u00e0 polluer, soit toujours plus forte que les enjeux essentiels de sant\u00e9 des populations ou de l\u2019environnement, alors m\u00eame que les travaux et les preuves scientifiques \u00e9tablies ne manquent pas ! <br class=' sb-br' \/>\u00a0<\/span><\/p>\n<p style=\"text-align: justify;\"><span style=\"font-size: large;\">Et c\u2019est bien ce que nous constatons ici pour la cellulose de Saint-Gaudens. Les vraies pollutions ne sont pas trait\u00e9es, l\u2019\u00e9tude de sant\u00e9 est refus\u00e9e par l\u2019Etat, les accidents industriels sont minimis\u00e9s, la population subit, une partie se r\u00e9signe et une large part s&#8217;inqui\u00e8te pour sa sant\u00e9, pour les risques, pour la plan\u00e8te. \u00c0 ce jour, 1106 personnes ont de St Gaudens ont sign\u00e9 notre p\u00e9tition, plus de 2600 en tout. Rien n\u2019est impossible, cela peut changer. <br class=' sb-br' \/>\u00a0<\/span><\/p>\n<p><a href=\"http:\/\/www.nature-comminges.asso.fr\/wp-content\/uploads\/2023\/06\/conference-06-06-2023-scaled.jpg\" rel=\"lightbox[4984]\"><img loading=\"lazy\" class=\"alignnone size-full wp-image-5003\" src=\"http:\/\/www.nature-comminges.asso.fr\/wp-content\/uploads\/2023\/06\/conference-06-06-2023-scaled.jpg\" alt=\"\" width=\"799\" height=\"2560\" srcset=\"http:\/\/www.nature-comminges.asso.fr\/wp-content\/uploads\/2023\/06\/conference-06-06-2023-scaled.jpg 799w, http:\/\/www.nature-comminges.asso.fr\/wp-content\/uploads\/2023\/06\/conference-06-06-2023-94x300.jpg 94w, http:\/\/www.nature-comminges.asso.fr\/wp-content\/uploads\/2023\/06\/conference-06-06-2023-320x1024.jpg 320w, http:\/\/www.nature-comminges.asso.fr\/wp-content\/uploads\/2023\/06\/conference-06-06-2023-624x1998.jpg 624w\" sizes=\"(max-width: 799px) 100vw, 799px\" \/><\/a><\/p>\n","protected":false},"excerpt":{"rendered":"<p>Ce 05\/06\/2023, les habitant(e)s du Comminges ont r\u00e9pondu pr\u00e9sents \u00e0 notre invitation avec environ 135 participant(e)s pour cette soir\u00e9e conf\u00e9rence sur la cellulose de Saint-Gaudens.<\/p>\n","protected":false},"author":2,"featured_media":4988,"comment_status":"open","ping_status":"open","sticky":false,"template":"","format":"standard","meta":[],"categories":[6],"tags":[],"_links":{"self":[{"href":"http:\/\/www.nature-comminges.asso.fr\/index.php\/wp-json\/wp\/v2\/posts\/4984"}],"collection":[{"href":"http:\/\/www.nature-comminges.asso.fr\/index.php\/wp-json\/wp\/v2\/posts"}],"about":[{"href":"http:\/\/www.nature-comminges.asso.fr\/index.php\/wp-json\/wp\/v2\/types\/post"}],"author":[{"embeddable":true,"href":"http:\/\/www.nature-comminges.asso.fr\/index.php\/wp-json\/wp\/v2\/users\/2"}],"replies":[{"embeddable":true,"href":"http:\/\/www.nature-comminges.asso.fr\/index.php\/wp-json\/wp\/v2\/comments?post=4984"}],"version-history":[{"count":15,"href":"http:\/\/www.nature-comminges.asso.fr\/index.php\/wp-json\/wp\/v2\/posts\/4984\/revisions"}],"predecessor-version":[{"id":5004,"href":"http:\/\/www.nature-comminges.asso.fr\/index.php\/wp-json\/wp\/v2\/posts\/4984\/revisions\/5004"}],"wp:featuredmedia":[{"embeddable":true,"href":"http:\/\/www.nature-comminges.asso.fr\/index.php\/wp-json\/wp\/v2\/media\/4988"}],"wp:attachment":[{"href":"http:\/\/www.nature-comminges.asso.fr\/index.php\/wp-json\/wp\/v2\/media?parent=4984"}],"wp:term":[{"taxonomy":"category","embeddable":true,"href":"http:\/\/www.nature-comminges.asso.fr\/index.php\/wp-json\/wp\/v2\/categories?post=4984"},{"taxonomy":"post_tag","embeddable":true,"href":"http:\/\/www.nature-comminges.asso.fr\/index.php\/wp-json\/wp\/v2\/tags?post=4984"}],"curies":[{"name":"wp","href":"https:\/\/api.w.org\/{rel}","templated":true}]}}