{"id":4976,"date":"2023-05-19T17:02:37","date_gmt":"2023-05-19T16:02:37","guid":{"rendered":"http:\/\/www.nature-comminges.asso.fr\/?p=4976"},"modified":"2023-05-19T17:02:37","modified_gmt":"2023-05-19T16:02:37","slug":"mai-2023-conference-a-la-salle-du-belvedere-a-st-gaudens","status":"publish","type":"post","link":"http:\/\/www.nature-comminges.asso.fr\/index.php\/mai-2023-conference-a-la-salle-du-belvedere-a-st-gaudens\/","title":{"rendered":"Mai 2023 &nbsp; Conf\u00e9rence \u00e0 la salle du Belv\u00e9d\u00e8re \u00e0 St-Gaudens"},"content":{"rendered":"<p><span style=\"color: #000000;\"><span style=\"font-size: large;\">L\u2019association Nature Comminges vous invite \u00e0 une conf\u00e9rence de Jean-Michel Minovez, chercheur au CNRS et professeur d\u2019histoire \u00e9conomique et environnementale \u00e0 l\u2019Universit\u00e9 de Toulouse Jean Jaur\u00e8s.<\/span><\/span><!--more--><\/p>\n<p><span style=\"color: #000000;\"><span style=\"font-size: large;\">\u00a0<br class=' sb-br' \/> <br class=' sb-br' \/> \u00ab Produire et polluer dans l\u2019industrie chimique. La cellulose de Saint-Gaudens au miroir de l\u2019histoire comparative \u00bb. <br class=' sb-br' \/>\u00a0<\/span><\/span><\/p>\n<p><span style=\"color: #000000;\"><span style=\"font-size: large;\">Un temps d\u2019information, d\u2019\u00e9change et de partage pour une appropriation collective et un approfondissement des enjeux soci\u00e9taux, \u00e9conomiques, environnementaux et sanitaires li\u00e9s \u00e0 l\u2019usine. <br class=' sb-br' \/>\u00a0<\/span><\/span><\/p>\n<p><span style=\"color: #000000;\"><span style=\"font-size: large;\">La conf\u00e9rence sera suivie d\u2019un pot de l\u2019amiti\u00e9 avec des produits locaux. <br class=' sb-br' \/>\u00a0<\/span><\/span><\/p>\n<p><span style=\"color: #000000;\"><span style=\"font-size: large;\">Rendez-vous le lundi 5 juin \u00e0 19h30, lors de la journ\u00e9e mondiale de l&#8217;Environnement, \u00e0 la salle du Belv\u00e9d\u00e8re \u00e0 Saint-Gaudens. <br class=' sb-br' \/>\u00a0<\/span><\/span><\/p>\n<p><span style=\"color: #000000;\"><span style=\"font-size: large;\">Venez en nombre, n\u2019h\u00e9sitez pas \u00e0 relayer l\u2019invitation autour de vous. <br class=' sb-br' \/>\u00a0<\/span><\/span><\/p>\n<p><a href=\"http:\/\/www.nature-comminges.asso.fr\/wp-content\/uploads\/2023\/05\/Flyer-conference-5-juin-2023.jpg\" rel=\"lightbox[4976]\"><img loading=\"lazy\" class=\"size-full wp-image-4977 aligncenter\" src=\"http:\/\/www.nature-comminges.asso.fr\/wp-content\/uploads\/2023\/05\/Flyer-conference-5-juin-2023.jpg\" alt=\"\" width=\"1000\" height=\"707\" srcset=\"http:\/\/www.nature-comminges.asso.fr\/wp-content\/uploads\/2023\/05\/Flyer-conference-5-juin-2023.jpg 1000w, http:\/\/www.nature-comminges.asso.fr\/wp-content\/uploads\/2023\/05\/Flyer-conference-5-juin-2023-300x212.jpg 300w, http:\/\/www.nature-comminges.asso.fr\/wp-content\/uploads\/2023\/05\/Flyer-conference-5-juin-2023-768x543.jpg 768w, http:\/\/www.nature-comminges.asso.fr\/wp-content\/uploads\/2023\/05\/Flyer-conference-5-juin-2023-624x441.jpg 624w\" sizes=\"(max-width: 1000px) 100vw, 1000px\" \/><\/a><\/p>\n","protected":false},"excerpt":{"rendered":"<p>L\u2019association Nature Comminges vous invite \u00e0 une conf\u00e9rence de Jean-Michel Minovez, chercheur au CNRS et professeur d\u2019histoire \u00e9conomique et environnementale \u00e0 l\u2019Universit\u00e9 de Toulouse Jean Jaur\u00e8s.<\/p>\n","protected":false},"author":2,"featured_media":4978,"comment_status":"open","ping_status":"open","sticky":false,"template":"","format":"standard","meta":[],"categories":[6],"tags":[],"_links":{"self":[{"href":"http:\/\/www.nature-comminges.asso.fr\/index.php\/wp-json\/wp\/v2\/posts\/4976"}],"collection":[{"href":"http:\/\/www.nature-comminges.asso.fr\/index.php\/wp-json\/wp\/v2\/posts"}],"about":[{"href":"http:\/\/www.nature-comminges.asso.fr\/index.php\/wp-json\/wp\/v2\/types\/post"}],"author":[{"embeddable":true,"href":"http:\/\/www.nature-comminges.asso.fr\/index.php\/wp-json\/wp\/v2\/users\/2"}],"replies":[{"embeddable":true,"href":"http:\/\/www.nature-comminges.asso.fr\/index.php\/wp-json\/wp\/v2\/comments?post=4976"}],"version-history":[{"count":4,"href":"http:\/\/www.nature-comminges.asso.fr\/index.php\/wp-json\/wp\/v2\/posts\/4976\/revisions"}],"predecessor-version":[{"id":4982,"href":"http:\/\/www.nature-comminges.asso.fr\/index.php\/wp-json\/wp\/v2\/posts\/4976\/revisions\/4982"}],"wp:featuredmedia":[{"embeddable":true,"href":"http:\/\/www.nature-comminges.asso.fr\/index.php\/wp-json\/wp\/v2\/media\/4978"}],"wp:attachment":[{"href":"http:\/\/www.nature-comminges.asso.fr\/index.php\/wp-json\/wp\/v2\/media?parent=4976"}],"wp:term":[{"taxonomy":"category","embeddable":true,"href":"http:\/\/www.nature-comminges.asso.fr\/index.php\/wp-json\/wp\/v2\/categories?post=4976"},{"taxonomy":"post_tag","embeddable":true,"href":"http:\/\/www.nature-comminges.asso.fr\/index.php\/wp-json\/wp\/v2\/tags?post=4976"}],"curies":[{"name":"wp","href":"https:\/\/api.w.org\/{rel}","templated":true}]}}