{"id":4965,"date":"2023-04-03T10:07:14","date_gmt":"2023-04-03T09:07:14","guid":{"rendered":"http:\/\/www.nature-comminges.asso.fr\/?p=4965"},"modified":"2023-04-03T10:07:14","modified_gmt":"2023-04-03T09:07:14","slug":"mars-2023-sortie-botanique","status":"publish","type":"post","link":"http:\/\/www.nature-comminges.asso.fr\/index.php\/mars-2023-sortie-botanique\/","title":{"rendered":"Mars 2023 &nbsp; Sortie botanique"},"content":{"rendered":"<p><span style=\"font-size: large;\">Avec le printemps le groupe botanique reprend ses sorties de terrain. <br class=' sb-br' \/> <br class=' sb-br' \/>\u00a0<\/span><!--more--><\/p>\n<p><span style=\"font-size: large;\"> <br class=' sb-br' \/> <br class=' sb-br' \/> C\u2019est sur le sentier \u00e0 la sortie de Garn\u00e8re (Sauveterre de Comminges), que 5 botanistes ont pu r\u00e9viser leurs connaissances. <\/span><\/p>\n<p><span style=\"font-size: large;\">\u00a0<br class=' sb-br' \/> La douceur et un peu de pluie ont permis \u00e0 un grand nombre de plantes de se d\u00e9velopper rapidement et de fleurir ; pruneliers, violettes, v\u00e9roniques, pulmonaires, mercuriale, lamier pourpre\u2026 \u00e9taient en fleurs. <\/span><\/p>\n<p><span style=\"font-size: large;\">\u00a0<br class=' sb-br' \/> D\u2019autres, non encore fleuries, ont \u00e9t\u00e9 plus difficile \u00e0 d\u00e9terminer ! <\/span><\/p>\n<p><span style=\"font-size: large;\">\u00a0<br class=' sb-br' \/> Cette reprise fut tr\u00e8s fructueuse avec une 40<sup>\u00e8ne<\/sup> d\u2019esp\u00e8ces rencontr\u00e9es, gr\u00e2ce \u00e0 l\u2019agr\u00e9able parcours choisi par Philippe et \u00e0 la m\u00e9t\u00e9o enfin am\u00e9lior\u00e9e. <br class=' sb-br' \/>\u00a0<\/span><\/p>\n<p style=\"text-align: center;\"><a href=\"http:\/\/www.nature-comminges.asso.fr\/wp-content\/uploads\/2023\/04\/bota-26-03-23.jpg\" rel=\"lightbox[4965]\"><img loading=\"lazy\" class=\"size-full wp-image-4967 aligncenter\" src=\"http:\/\/www.nature-comminges.asso.fr\/wp-content\/uploads\/2023\/04\/bota-26-03-23.jpg\" alt=\"\" width=\"1000\" height=\"660\" srcset=\"http:\/\/www.nature-comminges.asso.fr\/wp-content\/uploads\/2023\/04\/bota-26-03-23.jpg 1000w, http:\/\/www.nature-comminges.asso.fr\/wp-content\/uploads\/2023\/04\/bota-26-03-23-300x198.jpg 300w, http:\/\/www.nature-comminges.asso.fr\/wp-content\/uploads\/2023\/04\/bota-26-03-23-768x507.jpg 768w, http:\/\/www.nature-comminges.asso.fr\/wp-content\/uploads\/2023\/04\/bota-26-03-23-624x412.jpg 624w\" sizes=\"(max-width: 1000px) 100vw, 1000px\" \/>\u00a0<br class=' sb-br' \/> <\/a> <a href=\"http:\/\/www.nature-comminges.asso.fr\/wp-content\/uploads\/2023\/04\/lamier-pourpre.jpg\" rel=\"lightbox[4965]\"><img loading=\"lazy\" class=\"size-full wp-image-4968 aligncenter\" src=\"http:\/\/www.nature-comminges.asso.fr\/wp-content\/uploads\/2023\/04\/lamier-pourpre.jpg\" alt=\"\" width=\"1000\" height=\"649\" srcset=\"http:\/\/www.nature-comminges.asso.fr\/wp-content\/uploads\/2023\/04\/lamier-pourpre.jpg 1000w, http:\/\/www.nature-comminges.asso.fr\/wp-content\/uploads\/2023\/04\/lamier-pourpre-300x195.jpg 300w, http:\/\/www.nature-comminges.asso.fr\/wp-content\/uploads\/2023\/04\/lamier-pourpre-768x498.jpg 768w, http:\/\/www.nature-comminges.asso.fr\/wp-content\/uploads\/2023\/04\/lamier-pourpre-624x405.jpg 624w\" sizes=\"(max-width: 1000px) 100vw, 1000px\" \/><\/a><span style=\"font-size: large;\">Lamier pourpre <br class=' sb-br' \/>\u00a0<\/span><\/p>\n<p style=\"text-align: center;\"><a href=\"http:\/\/www.nature-comminges.asso.fr\/wp-content\/uploads\/2023\/04\/lamier-pourpre-2.jpg\" rel=\"lightbox[4965]\"><img loading=\"lazy\" class=\"size-full wp-image-4969 aligncenter\" src=\"http:\/\/www.nature-comminges.asso.fr\/wp-content\/uploads\/2023\/04\/lamier-pourpre-2.jpg\" alt=\"\" width=\"1000\" height=\"561\" srcset=\"http:\/\/www.nature-comminges.asso.fr\/wp-content\/uploads\/2023\/04\/lamier-pourpre-2.jpg 1000w, http:\/\/www.nature-comminges.asso.fr\/wp-content\/uploads\/2023\/04\/lamier-pourpre-2-300x168.jpg 300w, http:\/\/www.nature-comminges.asso.fr\/wp-content\/uploads\/2023\/04\/lamier-pourpre-2-768x431.jpg 768w, http:\/\/www.nature-comminges.asso.fr\/wp-content\/uploads\/2023\/04\/lamier-pourpre-2-624x350.jpg 624w\" sizes=\"(max-width: 1000px) 100vw, 1000px\" \/><\/a> <span style=\"font-size: large;\">Lamiers pourpres <br class=' sb-br' \/>\u00a0<\/span><\/p>\n<p style=\"text-align: center;\"><a href=\"http:\/\/www.nature-comminges.asso.fr\/wp-content\/uploads\/2023\/04\/violette.jpg\" rel=\"lightbox[4965]\"><img loading=\"lazy\" class=\"size-full wp-image-4970 aligncenter\" src=\"http:\/\/www.nature-comminges.asso.fr\/wp-content\/uploads\/2023\/04\/violette.jpg\" alt=\"\" width=\"1000\" height=\"639\" srcset=\"http:\/\/www.nature-comminges.asso.fr\/wp-content\/uploads\/2023\/04\/violette.jpg 1000w, http:\/\/www.nature-comminges.asso.fr\/wp-content\/uploads\/2023\/04\/violette-300x192.jpg 300w, http:\/\/www.nature-comminges.asso.fr\/wp-content\/uploads\/2023\/04\/violette-768x491.jpg 768w, http:\/\/www.nature-comminges.asso.fr\/wp-content\/uploads\/2023\/04\/violette-624x399.jpg 624w\" sizes=\"(max-width: 1000px) 100vw, 1000px\" \/><\/a> <span style=\"font-size: large;\">Violettes <br class=' sb-br' \/>\u00a0<\/span><\/p>\n<p style=\"text-align: center;\"><a href=\"http:\/\/www.nature-comminges.asso.fr\/wp-content\/uploads\/2023\/04\/Scille-jacinthe.jpg\" rel=\"lightbox[4965]\"><img loading=\"lazy\" class=\"size-full wp-image-4971 aligncenter\" src=\"http:\/\/www.nature-comminges.asso.fr\/wp-content\/uploads\/2023\/04\/Scille-jacinthe.jpg\" alt=\"\" width=\"1000\" height=\"561\" srcset=\"http:\/\/www.nature-comminges.asso.fr\/wp-content\/uploads\/2023\/04\/Scille-jacinthe.jpg 1000w, http:\/\/www.nature-comminges.asso.fr\/wp-content\/uploads\/2023\/04\/Scille-jacinthe-300x168.jpg 300w, http:\/\/www.nature-comminges.asso.fr\/wp-content\/uploads\/2023\/04\/Scille-jacinthe-768x431.jpg 768w, http:\/\/www.nature-comminges.asso.fr\/wp-content\/uploads\/2023\/04\/Scille-jacinthe-624x350.jpg 624w\" sizes=\"(max-width: 1000px) 100vw, 1000px\" \/><\/a> <span style=\"font-size: large;\">Scille Jacinthe <br class=' sb-br' \/>\u00a0<\/span><a href=\"http:\/\/www.nature-comminges.asso.fr\/wp-content\/uploads\/2023\/04\/Pulmonaire.jpg\" rel=\"lightbox[4965]\"><br \/>\n<img loading=\"lazy\" class=\"size-full wp-image-4972 aligncenter\" src=\"http:\/\/www.nature-comminges.asso.fr\/wp-content\/uploads\/2023\/04\/Pulmonaire.jpg\" alt=\"\" width=\"1000\" height=\"561\" srcset=\"http:\/\/www.nature-comminges.asso.fr\/wp-content\/uploads\/2023\/04\/Pulmonaire.jpg 1000w, http:\/\/www.nature-comminges.asso.fr\/wp-content\/uploads\/2023\/04\/Pulmonaire-300x168.jpg 300w, http:\/\/www.nature-comminges.asso.fr\/wp-content\/uploads\/2023\/04\/Pulmonaire-768x431.jpg 768w, http:\/\/www.nature-comminges.asso.fr\/wp-content\/uploads\/2023\/04\/Pulmonaire-624x350.jpg 624w\" sizes=\"(max-width: 1000px) 100vw, 1000px\" \/><\/a><span style=\"font-size: large;\">Pulmonaires<\/span><\/p>\n<p style=\"text-align: center;\">\n","protected":false},"excerpt":{"rendered":"<p>Avec le printemps le groupe botanique reprend ses sorties de terrain. \u00a0<\/p>\n","protected":false},"author":2,"featured_media":4973,"comment_status":"open","ping_status":"open","sticky":false,"template":"","format":"standard","meta":[],"categories":[6],"tags":[],"_links":{"self":[{"href":"http:\/\/www.nature-comminges.asso.fr\/index.php\/wp-json\/wp\/v2\/posts\/4965"}],"collection":[{"href":"http:\/\/www.nature-comminges.asso.fr\/index.php\/wp-json\/wp\/v2\/posts"}],"about":[{"href":"http:\/\/www.nature-comminges.asso.fr\/index.php\/wp-json\/wp\/v2\/types\/post"}],"author":[{"embeddable":true,"href":"http:\/\/www.nature-comminges.asso.fr\/index.php\/wp-json\/wp\/v2\/users\/2"}],"replies":[{"embeddable":true,"href":"http:\/\/www.nature-comminges.asso.fr\/index.php\/wp-json\/wp\/v2\/comments?post=4965"}],"version-history":[{"count":3,"href":"http:\/\/www.nature-comminges.asso.fr\/index.php\/wp-json\/wp\/v2\/posts\/4965\/revisions"}],"predecessor-version":[{"id":4975,"href":"http:\/\/www.nature-comminges.asso.fr\/index.php\/wp-json\/wp\/v2\/posts\/4965\/revisions\/4975"}],"wp:featuredmedia":[{"embeddable":true,"href":"http:\/\/www.nature-comminges.asso.fr\/index.php\/wp-json\/wp\/v2\/media\/4973"}],"wp:attachment":[{"href":"http:\/\/www.nature-comminges.asso.fr\/index.php\/wp-json\/wp\/v2\/media?parent=4965"}],"wp:term":[{"taxonomy":"category","embeddable":true,"href":"http:\/\/www.nature-comminges.asso.fr\/index.php\/wp-json\/wp\/v2\/categories?post=4965"},{"taxonomy":"post_tag","embeddable":true,"href":"http:\/\/www.nature-comminges.asso.fr\/index.php\/wp-json\/wp\/v2\/tags?post=4965"}],"curies":[{"name":"wp","href":"https:\/\/api.w.org\/{rel}","templated":true}]}}