{"id":4928,"date":"2023-01-14T21:06:59","date_gmt":"2023-01-14T20:06:59","guid":{"rendered":"http:\/\/www.nature-comminges.asso.fr\/?p=4928"},"modified":"2023-01-14T21:06:59","modified_gmt":"2023-01-14T20:06:59","slug":"janvier-2023-comptage-europeen-des-milans-royaux","status":"publish","type":"post","link":"http:\/\/www.nature-comminges.asso.fr\/index.php\/janvier-2023-comptage-europeen-des-milans-royaux\/","title":{"rendered":"Janvier 2023 &nbsp; Comptage europ\u00e9en des milans royaux"},"content":{"rendered":"<p><span style=\"font-size: large;\">Comme chaque ann\u00e9e en ce d\u00e9but janvier des observateurs exp\u00e9riment\u00e9s ou novices de tous \u00e2ges se sont post\u00e9s en fin de journ\u00e9e \u00e0 proximit\u00e9 des dortoirs de milans royaux afin de conna\u00eetre l&#8217;effectif des hivernants. <\/span> <br class=' sb-br' \/> <!--more--><\/p>\n<p><span style=\"font-size: large;\">\u00a0<br class=' sb-br' \/> <br class=' sb-br' \/> Les oiseaux regroup\u00e9s pour la nuit \u00e0 Saint Ignan, Ardi\u00e8ge, Pointis de Rivi\u00e8re, Lieoux, Villeneuve L\u00e9cussan, Samuran &#8230; ont \u00e9t\u00e9 soigneusement compt\u00e9s. Les premiers constats font \u00e9tat d&#8217;effectifs en baisse par rapport aux ann\u00e9es pr\u00e9c\u00e9dentes : est-ce un effet du r\u00e9chauffement climatique qui aurait incit\u00e9 les oiseaux d&#8217;Europe du nord \u00e0 hiverner \u00e0 une latitude plus \u00e9lev\u00e9e comme dans le Massif Central par exemple ? <\/span><\/p>\n<p><span style=\"font-size: large;\">\u00a0<br class=' sb-br' \/> Attendons les bilans des comptages de toute l&#8217;Europe pour en savoir plus. <br class=' sb-br' \/> <a href=\"http:\/\/www.nature-comminges.asso.fr\/wp-content\/uploads\/2023\/01\/milan-royal-14-01-2023.jpg\" rel=\"lightbox[4928]\"><img loading=\"lazy\" class=\"alignnone size-full wp-image-4919\" src=\"http:\/\/www.nature-comminges.asso.fr\/wp-content\/uploads\/2023\/01\/milan-royal-14-01-2023.jpg\" alt=\"\" width=\"1000\" height=\"666\" srcset=\"http:\/\/www.nature-comminges.asso.fr\/wp-content\/uploads\/2023\/01\/milan-royal-14-01-2023.jpg 1000w, http:\/\/www.nature-comminges.asso.fr\/wp-content\/uploads\/2023\/01\/milan-royal-14-01-2023-300x200.jpg 300w, http:\/\/www.nature-comminges.asso.fr\/wp-content\/uploads\/2023\/01\/milan-royal-14-01-2023-768x511.jpg 768w, http:\/\/www.nature-comminges.asso.fr\/wp-content\/uploads\/2023\/01\/milan-royal-14-01-2023-624x416.jpg 624w\" sizes=\"(max-width: 1000px) 100vw, 1000px\" \/><\/a><\/span><\/p>\n","protected":false},"excerpt":{"rendered":"<p>Comme chaque ann\u00e9e en ce d\u00e9but janvier des observateurs exp\u00e9riment\u00e9s ou novices de tous \u00e2ges se sont post\u00e9s en fin de journ\u00e9e \u00e0 proximit\u00e9 des dortoirs de milans royaux afin de conna\u00eetre l&#8217;effectif des hivernants.<\/p>\n","protected":false},"author":2,"featured_media":4796,"comment_status":"open","ping_status":"open","sticky":false,"template":"","format":"standard","meta":[],"categories":[6],"tags":[],"_links":{"self":[{"href":"http:\/\/www.nature-comminges.asso.fr\/index.php\/wp-json\/wp\/v2\/posts\/4928"}],"collection":[{"href":"http:\/\/www.nature-comminges.asso.fr\/index.php\/wp-json\/wp\/v2\/posts"}],"about":[{"href":"http:\/\/www.nature-comminges.asso.fr\/index.php\/wp-json\/wp\/v2\/types\/post"}],"author":[{"embeddable":true,"href":"http:\/\/www.nature-comminges.asso.fr\/index.php\/wp-json\/wp\/v2\/users\/2"}],"replies":[{"embeddable":true,"href":"http:\/\/www.nature-comminges.asso.fr\/index.php\/wp-json\/wp\/v2\/comments?post=4928"}],"version-history":[{"count":1,"href":"http:\/\/www.nature-comminges.asso.fr\/index.php\/wp-json\/wp\/v2\/posts\/4928\/revisions"}],"predecessor-version":[{"id":4929,"href":"http:\/\/www.nature-comminges.asso.fr\/index.php\/wp-json\/wp\/v2\/posts\/4928\/revisions\/4929"}],"wp:featuredmedia":[{"embeddable":true,"href":"http:\/\/www.nature-comminges.asso.fr\/index.php\/wp-json\/wp\/v2\/media\/4796"}],"wp:attachment":[{"href":"http:\/\/www.nature-comminges.asso.fr\/index.php\/wp-json\/wp\/v2\/media?parent=4928"}],"wp:term":[{"taxonomy":"category","embeddable":true,"href":"http:\/\/www.nature-comminges.asso.fr\/index.php\/wp-json\/wp\/v2\/categories?post=4928"},{"taxonomy":"post_tag","embeddable":true,"href":"http:\/\/www.nature-comminges.asso.fr\/index.php\/wp-json\/wp\/v2\/tags?post=4928"}],"curies":[{"name":"wp","href":"https:\/\/api.w.org\/{rel}","templated":true}]}}