{"id":4804,"date":"2022-02-13T10:27:42","date_gmt":"2022-02-13T09:27:42","guid":{"rendered":"http:\/\/www.nature-comminges.asso.fr\/?p=4804"},"modified":"2022-02-15T18:59:49","modified_gmt":"2022-02-15T17:59:49","slug":"fevrier-2022-declaration-commun-de-plusieurs-associations","status":"publish","type":"post","link":"http:\/\/www.nature-comminges.asso.fr\/index.php\/fevrier-2022-declaration-commun-de-plusieurs-associations\/","title":{"rendered":"F\u00e9vrier 2022 : D\u00e9claration commune de plusieurs associations"},"content":{"rendered":"<p><span style=\"font-size: large;\">en r\u00e9ponse de communication de Fibre Excellence Provence sous couvert de l&#8217;association Flamands roses du Tr\u00e9bon et avec le plein soutien de Nature Comminges.<\/span><!--more--><\/p>\n<p><a href=\"http:\/\/www.nature-comminges.asso.fr\/wp-content\/uploads\/2022\/02\/CP-commun-01-02-2022.pdf\"><span style=\"font-size: large;\"> <br class=' sb-br' \/> <br class=' sb-br' \/> Cliquez ici pour lire le communiqu\u00e9 de presse commun des associations Proven\u00e7ales, Commingeoises, PACA et de Midi Pyr\u00e9n\u00e9es et Canadiennes<\/span><\/a><\/p>\n<p><a href=\"https:\/\/www.change.org\/p\/mairie-de-st-gaudens-stop-a-la-pollution-de-fibre-excellence-st-gaudens\"><span style=\"font-size: large;\"><br class=' sb-br' \/> P\u00e9tition contre la pollution de Fibre Excellence de Saint-Gaudens.<\/span><\/a><\/p>\n<p><a href=\"http:\/\/www.nature-comminges.asso.fr\/wp-content\/uploads\/2021\/03\/Fibre-Excellence.jpg\" rel=\"lightbox[4804]\"><img loading=\"lazy\" class=\"size-full wp-image-4757 aligncenter\" src=\"http:\/\/www.nature-comminges.asso.fr\/wp-content\/uploads\/2021\/03\/Fibre-Excellence.jpg\" alt=\"\" width=\"1000\" height=\"432\" srcset=\"http:\/\/www.nature-comminges.asso.fr\/wp-content\/uploads\/2021\/03\/Fibre-Excellence.jpg 1000w, http:\/\/www.nature-comminges.asso.fr\/wp-content\/uploads\/2021\/03\/Fibre-Excellence-300x130.jpg 300w, http:\/\/www.nature-comminges.asso.fr\/wp-content\/uploads\/2021\/03\/Fibre-Excellence-768x332.jpg 768w, http:\/\/www.nature-comminges.asso.fr\/wp-content\/uploads\/2021\/03\/Fibre-Excellence-624x270.jpg 624w\" sizes=\"(max-width: 1000px) 100vw, 1000px\" \/><\/a><\/p>\n<p>&nbsp;<\/p>\n<p>&nbsp;<\/p>\n<p>&nbsp;<\/p>\n","protected":false},"excerpt":{"rendered":"<p>en r\u00e9ponse de communication de Fibre Excellence Provence sous couvert de l&#8217;association Flamands roses du Tr\u00e9bon et avec le plein soutien de Nature Comminges.<\/p>\n","protected":false},"author":2,"featured_media":4728,"comment_status":"open","ping_status":"open","sticky":false,"template":"","format":"standard","meta":[],"categories":[6],"tags":[],"_links":{"self":[{"href":"http:\/\/www.nature-comminges.asso.fr\/index.php\/wp-json\/wp\/v2\/posts\/4804"}],"collection":[{"href":"http:\/\/www.nature-comminges.asso.fr\/index.php\/wp-json\/wp\/v2\/posts"}],"about":[{"href":"http:\/\/www.nature-comminges.asso.fr\/index.php\/wp-json\/wp\/v2\/types\/post"}],"author":[{"embeddable":true,"href":"http:\/\/www.nature-comminges.asso.fr\/index.php\/wp-json\/wp\/v2\/users\/2"}],"replies":[{"embeddable":true,"href":"http:\/\/www.nature-comminges.asso.fr\/index.php\/wp-json\/wp\/v2\/comments?post=4804"}],"version-history":[{"count":15,"href":"http:\/\/www.nature-comminges.asso.fr\/index.php\/wp-json\/wp\/v2\/posts\/4804\/revisions"}],"predecessor-version":[{"id":4820,"href":"http:\/\/www.nature-comminges.asso.fr\/index.php\/wp-json\/wp\/v2\/posts\/4804\/revisions\/4820"}],"wp:featuredmedia":[{"embeddable":true,"href":"http:\/\/www.nature-comminges.asso.fr\/index.php\/wp-json\/wp\/v2\/media\/4728"}],"wp:attachment":[{"href":"http:\/\/www.nature-comminges.asso.fr\/index.php\/wp-json\/wp\/v2\/media?parent=4804"}],"wp:term":[{"taxonomy":"category","embeddable":true,"href":"http:\/\/www.nature-comminges.asso.fr\/index.php\/wp-json\/wp\/v2\/categories?post=4804"},{"taxonomy":"post_tag","embeddable":true,"href":"http:\/\/www.nature-comminges.asso.fr\/index.php\/wp-json\/wp\/v2\/tags?post=4804"}],"curies":[{"name":"wp","href":"https:\/\/api.w.org\/{rel}","templated":true}]}}