{"id":4794,"date":"2022-01-10T11:15:35","date_gmt":"2022-01-10T10:15:35","guid":{"rendered":"http:\/\/www.nature-comminges.asso.fr\/?p=4794"},"modified":"2022-01-10T14:21:59","modified_gmt":"2022-01-10T13:21:59","slug":"janvier-2022-le-comptage-des-milans-royaux","status":"publish","type":"post","link":"http:\/\/www.nature-comminges.asso.fr\/index.php\/janvier-2022-le-comptage-des-milans-royaux\/","title":{"rendered":"Janvier 2022 &nbsp; Le comptage des milans royaux"},"content":{"rendered":"<p><span style=\"font-size: large;\">Chaque ann\u00e9e, lors du premier week-end de janvier, Nature Comminges participe au comptage europ\u00e9en des milans royaux. <\/span> <br class=' sb-br' \/> <br class=' sb-br' \/> <!--more--> <br class=' sb-br' \/> <br class=' sb-br' \/><\/p>\n<p><span style=\"font-size: large;\">Ce samedi 8 janvier 2022, des observateurs exp\u00e9riment\u00e9s ou d\u00e9butants ont particip\u00e9 au comptage europ\u00e9en annuel des milans royaux coordonn\u00e9 par la LPO (Ligue pour la protection des oiseaux). Ces oiseaux se regroupent en fin de journ\u00e9e sur des dortoirs install\u00e9s dans des bosquets ou des haies ce qui facilite le comptage. Les conditions m\u00e9t\u00e9o \u00e9taient favorables, Nature Comminges \u00e9tait repr\u00e9sent\u00e9e sur les dortoirs d\u2019Ardi\u00e8ge, Saint Bertrand, Villeneuve L\u00e9cussan, Saint Ignan, Lieoux, Arbas.<\/span><\/p>\n<p><br class=' sb-br' \/><span style=\"font-size: large;\">Ce suivi de l\u2019esp\u00e8ce soumise \u00e0 un PNA (Plan national d\u2019actions) 2018-2027 permet de comptabiliser les effectifs en hivernage sachant que la quasi-totalit\u00e9 de la population transite par la France et la p\u00e9ninsule ib\u00e9rique. Une synth\u00e8se annuelle est communiqu\u00e9e aux observateurs, les effectifs compt\u00e9s sont en hausse r\u00e9guli\u00e8re mais il est difficile de faire la part de la hausse du nombre d\u2019observateurs et de dortoirs compt\u00e9s et de celle des effectifs r\u00e9els des oiseaux.<\/span><\/p>\n<p><br class=' sb-br' \/><span style=\"font-size: large;\">En cas de d\u00e9couverte d&#8217;un Milan royal bless\u00e9 ou mort, alerter l&#8217;OFB ou Nature Comminges ou la coordination Pyr\u00e9n\u00e9enne au 06 35 21 59 56.<\/span><\/p>\n<p><span style=\"font-size: large;\">\u00a0<br class=' sb-br' \/> Plus d\u2019infos sur l\u2019esp\u00e8ce ici : <a href=\"http:\/\/rapaces.lpo.fr\/milan-royal\/suivi-et-conservation\">http:\/\/rapaces.lpo.fr\/milan-royal\/suivi-et-conservation<\/a><\/span><\/p>\n<p><br class=' sb-br' \/> <a href=\"http:\/\/www.nature-comminges.asso.fr\/wp-content\/uploads\/2022\/01\/milan-royal.jpg\" rel=\"lightbox[4794]\"><img loading=\"lazy\" class=\"size-full wp-image-4797 aligncenter\" src=\"http:\/\/www.nature-comminges.asso.fr\/wp-content\/uploads\/2022\/01\/milan-royal.jpg\" alt=\"\" width=\"1000\" height=\"562\" srcset=\"http:\/\/www.nature-comminges.asso.fr\/wp-content\/uploads\/2022\/01\/milan-royal.jpg 1000w, http:\/\/www.nature-comminges.asso.fr\/wp-content\/uploads\/2022\/01\/milan-royal-300x169.jpg 300w, http:\/\/www.nature-comminges.asso.fr\/wp-content\/uploads\/2022\/01\/milan-royal-768x432.jpg 768w, http:\/\/www.nature-comminges.asso.fr\/wp-content\/uploads\/2022\/01\/milan-royal-624x351.jpg 624w\" sizes=\"(max-width: 1000px) 100vw, 1000px\" \/><\/a><\/p>\n<br class=' sb-br' \/>\n<p><a href=\"http:\/\/www.nature-comminges.asso.fr\/wp-content\/uploads\/2015\/07\/0161-milan-royal-50102.jpg\" rel=\"lightbox[4794]\"><img loading=\"lazy\" class=\"size-full wp-image-908 aligncenter\" src=\"http:\/\/www.nature-comminges.asso.fr\/wp-content\/uploads\/2015\/07\/0161-milan-royal-50102.jpg\" alt=\"\" width=\"861\" height=\"538\" srcset=\"http:\/\/www.nature-comminges.asso.fr\/wp-content\/uploads\/2015\/07\/0161-milan-royal-50102.jpg 861w, http:\/\/www.nature-comminges.asso.fr\/wp-content\/uploads\/2015\/07\/0161-milan-royal-50102-300x187.jpg 300w, http:\/\/www.nature-comminges.asso.fr\/wp-content\/uploads\/2015\/07\/0161-milan-royal-50102-624x390.jpg 624w\" sizes=\"(max-width: 861px) 100vw, 861px\" \/><\/a><\/p>\n","protected":false},"excerpt":{"rendered":"<p>Chaque ann\u00e9e, lors du premier week-end de janvier, Nature Comminges participe au comptage europ\u00e9en des milans royaux.<\/p>\n","protected":false},"author":2,"featured_media":4796,"comment_status":"open","ping_status":"open","sticky":false,"template":"","format":"standard","meta":[],"categories":[6],"tags":[],"_links":{"self":[{"href":"http:\/\/www.nature-comminges.asso.fr\/index.php\/wp-json\/wp\/v2\/posts\/4794"}],"collection":[{"href":"http:\/\/www.nature-comminges.asso.fr\/index.php\/wp-json\/wp\/v2\/posts"}],"about":[{"href":"http:\/\/www.nature-comminges.asso.fr\/index.php\/wp-json\/wp\/v2\/types\/post"}],"author":[{"embeddable":true,"href":"http:\/\/www.nature-comminges.asso.fr\/index.php\/wp-json\/wp\/v2\/users\/2"}],"replies":[{"embeddable":true,"href":"http:\/\/www.nature-comminges.asso.fr\/index.php\/wp-json\/wp\/v2\/comments?post=4794"}],"version-history":[{"count":7,"href":"http:\/\/www.nature-comminges.asso.fr\/index.php\/wp-json\/wp\/v2\/posts\/4794\/revisions"}],"predecessor-version":[{"id":4803,"href":"http:\/\/www.nature-comminges.asso.fr\/index.php\/wp-json\/wp\/v2\/posts\/4794\/revisions\/4803"}],"wp:featuredmedia":[{"embeddable":true,"href":"http:\/\/www.nature-comminges.asso.fr\/index.php\/wp-json\/wp\/v2\/media\/4796"}],"wp:attachment":[{"href":"http:\/\/www.nature-comminges.asso.fr\/index.php\/wp-json\/wp\/v2\/media?parent=4794"}],"wp:term":[{"taxonomy":"category","embeddable":true,"href":"http:\/\/www.nature-comminges.asso.fr\/index.php\/wp-json\/wp\/v2\/categories?post=4794"},{"taxonomy":"post_tag","embeddable":true,"href":"http:\/\/www.nature-comminges.asso.fr\/index.php\/wp-json\/wp\/v2\/tags?post=4794"}],"curies":[{"name":"wp","href":"https:\/\/api.w.org\/{rel}","templated":true}]}}