{"id":4678,"date":"2021-09-22T10:17:18","date_gmt":"2021-09-22T09:17:18","guid":{"rendered":"http:\/\/www.nature-comminges.asso.fr\/?p=4678"},"modified":"2021-12-05T11:17:05","modified_gmt":"2021-12-05T10:17:05","slug":"septembre-2021-demande-epidemiologique-sur-fibre-excellence","status":"publish","type":"post","link":"http:\/\/www.nature-comminges.asso.fr\/index.php\/septembre-2021-demande-epidemiologique-sur-fibre-excellence\/","title":{"rendered":"Septembre 2021 &nbsp; demande \u00e9pid\u00e9miologique sur Fibre Excellence"},"content":{"rendered":"<p><span style=\"font-size: large;\">Avant sortie et diffusion du tract, <a href=\"http:\/\/www.nature-comminges.asso.fr\/wp-content\/uploads\/2021\/09\/ARS-POUR-FIBRE-EXCELLENCE.pdf\">l&#8217;ars nous a d\u00e9j\u00e0 r\u00e9pondu<\/a> \u00e0 notre demande d&#8217;\u00e9tude \u00e9pid\u00e9miologique et la refuse.<\/span><span style=\"font-size: large;\"><br class=' sb-br' \/> <\/span><!--more--><\/p>\n<p><span style=\"font-size: large;\"> <br class=' sb-br' \/> <br class=' sb-br' \/> <br class=' sb-br' \/> La demande fut faite suivant proc\u00e9dure r\u00e9glement\u00e9e au travers de notre Sous Pr\u00e9fecture et DREAL associ\u00e9e suite \u00e0 la derni\u00e8re r\u00e9union de CSS du site de Fibre Excellence et transmise par ces derni\u00e8res.<\/span> <br class=' sb-br' \/> <br class=' sb-br' \/><\/p>\n<p><span style=\"font-size: large;\"><a href=\"http:\/\/www.nature-comminges.asso.fr\/wp-content\/uploads\/2021\/09\/Tract-fibre-excellence.pdf\">Aidez nous \u00e0 la relancer en signant la p\u00e9tition et vous en remerciant.<\/a>\u00a0<\/span><\/p>\n","protected":false},"excerpt":{"rendered":"<p>Avant sortie et diffusion du tract, l&#8217;ars nous a d\u00e9j\u00e0 r\u00e9pondu \u00e0 notre demande d&#8217;\u00e9tude \u00e9pid\u00e9miologique et la refuse.<\/p>\n","protected":false},"author":2,"featured_media":4752,"comment_status":"open","ping_status":"open","sticky":false,"template":"","format":"standard","meta":[],"categories":[6],"tags":[],"_links":{"self":[{"href":"http:\/\/www.nature-comminges.asso.fr\/index.php\/wp-json\/wp\/v2\/posts\/4678"}],"collection":[{"href":"http:\/\/www.nature-comminges.asso.fr\/index.php\/wp-json\/wp\/v2\/posts"}],"about":[{"href":"http:\/\/www.nature-comminges.asso.fr\/index.php\/wp-json\/wp\/v2\/types\/post"}],"author":[{"embeddable":true,"href":"http:\/\/www.nature-comminges.asso.fr\/index.php\/wp-json\/wp\/v2\/users\/2"}],"replies":[{"embeddable":true,"href":"http:\/\/www.nature-comminges.asso.fr\/index.php\/wp-json\/wp\/v2\/comments?post=4678"}],"version-history":[{"count":9,"href":"http:\/\/www.nature-comminges.asso.fr\/index.php\/wp-json\/wp\/v2\/posts\/4678\/revisions"}],"predecessor-version":[{"id":4689,"href":"http:\/\/www.nature-comminges.asso.fr\/index.php\/wp-json\/wp\/v2\/posts\/4678\/revisions\/4689"}],"wp:featuredmedia":[{"embeddable":true,"href":"http:\/\/www.nature-comminges.asso.fr\/index.php\/wp-json\/wp\/v2\/media\/4752"}],"wp:attachment":[{"href":"http:\/\/www.nature-comminges.asso.fr\/index.php\/wp-json\/wp\/v2\/media?parent=4678"}],"wp:term":[{"taxonomy":"category","embeddable":true,"href":"http:\/\/www.nature-comminges.asso.fr\/index.php\/wp-json\/wp\/v2\/categories?post=4678"},{"taxonomy":"post_tag","embeddable":true,"href":"http:\/\/www.nature-comminges.asso.fr\/index.php\/wp-json\/wp\/v2\/tags?post=4678"}],"curies":[{"name":"wp","href":"https:\/\/api.w.org\/{rel}","templated":true}]}}