{"id":4670,"date":"2021-08-14T17:33:49","date_gmt":"2021-08-14T16:33:49","guid":{"rendered":"http:\/\/www.nature-comminges.asso.fr\/?p=4670"},"modified":"2021-08-14T17:37:46","modified_gmt":"2021-08-14T16:37:46","slug":"25-juillet-sortie-naturaliste-tout-public-a-lescalette","status":"publish","type":"post","link":"http:\/\/www.nature-comminges.asso.fr\/index.php\/25-juillet-sortie-naturaliste-tout-public-a-lescalette\/","title":{"rendered":"Juillet 2021 &nbsp; Sortie naturaliste  &#8220;tout public&#8221; \u00e0 l&#8217;Escalette"},"content":{"rendered":"<p><span style=\"font-size: large;\">Ce dimanche 25 juillet 2021, parti du Col de Ment\u00e9, un groupe de 22 naturalistes en herbe ou confirm\u00e9s, de 4 \u00e0 80 ans, a emprunt\u00e9 la piste de la cabane de l\u2019Escalette malgr\u00e9 le temps couvert et frais. <br class=' sb-br' \/> <\/span><!--more--><\/p>\n<br class=' sb-br' \/>\n<p><span style=\"font-size: large;\">Chemin faisant, nous avons observ\u00e9 l\u2019\u00e9tagement de la v\u00e9g\u00e9tation, l\u2019influence de l\u2019exposition, une flore diversifi\u00e9e avec les esp\u00e8ces foresti\u00e8res dominantes et des herbac\u00e9es (nombreux chardons bleus des Pyr\u00e9n\u00e9es, \u0153illets de Montpellier, violettes cornues, germandr\u00e9es des Pyr\u00e9n\u00e9es&#8230;).<\/span><\/p>\n<p><span style=\"font-size: large;\">\u00a0<br class=' sb-br' \/> Un des architectes de la for\u00eat, le pic noir, nous a indiqu\u00e9 sa pr\u00e9sence par son cri caract\u00e9ristique et s\u2019est bri\u00e8vement montr\u00e9. Vautours fauves, milans royaux, faucons cr\u00e9cerelle, tariers p\u00e2tres, chocards et grands corbeaux \u00e9taient aussi au programme.<\/span><\/p>\n<p><span style=\"font-size: large;\">\u00a0<br class=' sb-br' \/> Une journ\u00e9e bien remplie, familiale, conviviale et riche d\u2019\u00e9changes, \u00e0 renouveler.<\/span><\/p>\n<p><br class=' sb-br' \/> <a href=\"http:\/\/www.nature-comminges.asso.fr\/wp-content\/uploads\/2021\/08\/Escalette3.jpg\" rel=\"lightbox[4670]\"><img loading=\"lazy\" class=\"size-full wp-image-4673 aligncenter\" src=\"http:\/\/www.nature-comminges.asso.fr\/wp-content\/uploads\/2021\/08\/Escalette3.jpg\" alt=\"\" width=\"1000\" height=\"561\" srcset=\"http:\/\/www.nature-comminges.asso.fr\/wp-content\/uploads\/2021\/08\/Escalette3.jpg 1000w, http:\/\/www.nature-comminges.asso.fr\/wp-content\/uploads\/2021\/08\/Escalette3-300x168.jpg 300w, http:\/\/www.nature-comminges.asso.fr\/wp-content\/uploads\/2021\/08\/Escalette3-768x431.jpg 768w, http:\/\/www.nature-comminges.asso.fr\/wp-content\/uploads\/2021\/08\/Escalette3-624x350.jpg 624w\" sizes=\"(max-width: 1000px) 100vw, 1000px\" \/>\u00a0<br class=' sb-br' \/> <\/a><a href=\"http:\/\/www.nature-comminges.asso.fr\/wp-content\/uploads\/2021\/08\/groupe2.jpg\" rel=\"lightbox[4670]\"><img loading=\"lazy\" class=\"size-full wp-image-4672 aligncenter\" src=\"http:\/\/www.nature-comminges.asso.fr\/wp-content\/uploads\/2021\/08\/groupe2.jpg\" alt=\"\" width=\"1000\" height=\"563\" srcset=\"http:\/\/www.nature-comminges.asso.fr\/wp-content\/uploads\/2021\/08\/groupe2.jpg 1000w, http:\/\/www.nature-comminges.asso.fr\/wp-content\/uploads\/2021\/08\/groupe2-300x169.jpg 300w, http:\/\/www.nature-comminges.asso.fr\/wp-content\/uploads\/2021\/08\/groupe2-768x432.jpg 768w, http:\/\/www.nature-comminges.asso.fr\/wp-content\/uploads\/2021\/08\/groupe2-624x351.jpg 624w\" sizes=\"(max-width: 1000px) 100vw, 1000px\" \/><\/a><\/p>\n","protected":false},"excerpt":{"rendered":"<p>Ce dimanche 25 juillet 2021, parti du Col de Ment\u00e9, un groupe de 22 naturalistes en herbe ou confirm\u00e9s, de 4 \u00e0 80 ans, a emprunt\u00e9 la piste de la cabane de l\u2019Escalette malgr\u00e9 le temps couvert et frais.<\/p>\n","protected":false},"author":2,"featured_media":4671,"comment_status":"open","ping_status":"open","sticky":false,"template":"","format":"standard","meta":[],"categories":[6],"tags":[],"_links":{"self":[{"href":"http:\/\/www.nature-comminges.asso.fr\/index.php\/wp-json\/wp\/v2\/posts\/4670"}],"collection":[{"href":"http:\/\/www.nature-comminges.asso.fr\/index.php\/wp-json\/wp\/v2\/posts"}],"about":[{"href":"http:\/\/www.nature-comminges.asso.fr\/index.php\/wp-json\/wp\/v2\/types\/post"}],"author":[{"embeddable":true,"href":"http:\/\/www.nature-comminges.asso.fr\/index.php\/wp-json\/wp\/v2\/users\/2"}],"replies":[{"embeddable":true,"href":"http:\/\/www.nature-comminges.asso.fr\/index.php\/wp-json\/wp\/v2\/comments?post=4670"}],"version-history":[{"count":4,"href":"http:\/\/www.nature-comminges.asso.fr\/index.php\/wp-json\/wp\/v2\/posts\/4670\/revisions"}],"predecessor-version":[{"id":4677,"href":"http:\/\/www.nature-comminges.asso.fr\/index.php\/wp-json\/wp\/v2\/posts\/4670\/revisions\/4677"}],"wp:featuredmedia":[{"embeddable":true,"href":"http:\/\/www.nature-comminges.asso.fr\/index.php\/wp-json\/wp\/v2\/media\/4671"}],"wp:attachment":[{"href":"http:\/\/www.nature-comminges.asso.fr\/index.php\/wp-json\/wp\/v2\/media?parent=4670"}],"wp:term":[{"taxonomy":"category","embeddable":true,"href":"http:\/\/www.nature-comminges.asso.fr\/index.php\/wp-json\/wp\/v2\/categories?post=4670"},{"taxonomy":"post_tag","embeddable":true,"href":"http:\/\/www.nature-comminges.asso.fr\/index.php\/wp-json\/wp\/v2\/tags?post=4670"}],"curies":[{"name":"wp","href":"https:\/\/api.w.org\/{rel}","templated":true}]}}