{"id":4621,"date":"2021-04-01T19:48:27","date_gmt":"2021-04-01T18:48:27","guid":{"rendered":"http:\/\/www.nature-comminges.asso.fr\/?p=4621"},"modified":"2021-04-01T19:49:14","modified_gmt":"2021-04-01T18:49:14","slug":"mars-2021-sortie-ornithologie-a-saint-pe-dardet","status":"publish","type":"post","link":"http:\/\/www.nature-comminges.asso.fr\/index.php\/mars-2021-sortie-ornithologie-a-saint-pe-dardet\/","title":{"rendered":"Mars 2021 &nbsp; Sortie ornithologie \u00e0 Saint-P\u00e9-d&#8217;Ardet"},"content":{"rendered":"<p><span style=\"font-size: large;\">D\u00e8s l\u2019arriv\u00e9e au bord du lac de Saint-P\u00e9, un vrai concert de chants d\u2019oiseaux attendait les 12 participants \u00e0 la sortie propos\u00e9e par Fran\u00e7oise et Jo\u00ebl, par cette journ\u00e9e ensoleill\u00e9e. <br class=' sb-br' \/>\u00a0<\/span><!--more--><\/p>\n<p><br class=' sb-br' \/> <br class=' sb-br' \/>\u00a0<span style=\"font-size: large;\">De belles observations avec un couple de percnopt\u00e8res planant au-dessus du sommet de Tarride, accompagn\u00e9s de buses variables puis de milans royaux et milans noirs, le passage d\u2019un vautour puis d\u2019un aigle royal poursuivi par des grands corbeaux et un couple de faucon p\u00e8lerin. <br class=' sb-br' \/>\u00a0<\/span><\/p>\n<p><span style=\"font-size: large;\">Et aussi de nombreux petits passereaux : fauvette \u00e0 t\u00eate noire, grive musicienne, pouillot v\u00e9loce, sitelle torchepot parmi les plus \u00ab sonores \u00bb. <br class=' sb-br' \/>\u00a0<\/span><\/p>\n<p><span style=\"font-size: large;\">33 esp\u00e8ces observ\u00e9es ou entendues ! <br class=' sb-br' \/>\u00a0<\/span><\/p>\n<p><a href=\"http:\/\/www.nature-comminges.asso.fr\/wp-content\/uploads\/2021\/04\/percnoptere.jpg\" rel=\"lightbox[4621]\"><img loading=\"lazy\" class=\"size-full wp-image-4622 aligncenter\" src=\"http:\/\/www.nature-comminges.asso.fr\/wp-content\/uploads\/2021\/04\/percnoptere.jpg\" alt=\"\" width=\"1000\" height=\"572\" srcset=\"http:\/\/www.nature-comminges.asso.fr\/wp-content\/uploads\/2021\/04\/percnoptere.jpg 1000w, http:\/\/www.nature-comminges.asso.fr\/wp-content\/uploads\/2021\/04\/percnoptere-300x172.jpg 300w, http:\/\/www.nature-comminges.asso.fr\/wp-content\/uploads\/2021\/04\/percnoptere-768x439.jpg 768w, http:\/\/www.nature-comminges.asso.fr\/wp-content\/uploads\/2021\/04\/percnoptere-624x357.jpg 624w\" sizes=\"(max-width: 1000px) 100vw, 1000px\" \/><\/a><\/p>\n","protected":false},"excerpt":{"rendered":"<p>D\u00e8s l\u2019arriv\u00e9e au bord du lac de Saint-P\u00e9, un vrai concert de chants d\u2019oiseaux attendait les 12 participants \u00e0 la sortie propos\u00e9e par Fran\u00e7oise et Jo\u00ebl, par cette journ\u00e9e ensoleill\u00e9e. \u00a0<\/p>\n","protected":false},"author":2,"featured_media":4623,"comment_status":"open","ping_status":"open","sticky":false,"template":"","format":"standard","meta":[],"categories":[6],"tags":[],"_links":{"self":[{"href":"http:\/\/www.nature-comminges.asso.fr\/index.php\/wp-json\/wp\/v2\/posts\/4621"}],"collection":[{"href":"http:\/\/www.nature-comminges.asso.fr\/index.php\/wp-json\/wp\/v2\/posts"}],"about":[{"href":"http:\/\/www.nature-comminges.asso.fr\/index.php\/wp-json\/wp\/v2\/types\/post"}],"author":[{"embeddable":true,"href":"http:\/\/www.nature-comminges.asso.fr\/index.php\/wp-json\/wp\/v2\/users\/2"}],"replies":[{"embeddable":true,"href":"http:\/\/www.nature-comminges.asso.fr\/index.php\/wp-json\/wp\/v2\/comments?post=4621"}],"version-history":[{"count":3,"href":"http:\/\/www.nature-comminges.asso.fr\/index.php\/wp-json\/wp\/v2\/posts\/4621\/revisions"}],"predecessor-version":[{"id":4626,"href":"http:\/\/www.nature-comminges.asso.fr\/index.php\/wp-json\/wp\/v2\/posts\/4621\/revisions\/4626"}],"wp:featuredmedia":[{"embeddable":true,"href":"http:\/\/www.nature-comminges.asso.fr\/index.php\/wp-json\/wp\/v2\/media\/4623"}],"wp:attachment":[{"href":"http:\/\/www.nature-comminges.asso.fr\/index.php\/wp-json\/wp\/v2\/media?parent=4621"}],"wp:term":[{"taxonomy":"category","embeddable":true,"href":"http:\/\/www.nature-comminges.asso.fr\/index.php\/wp-json\/wp\/v2\/categories?post=4621"},{"taxonomy":"post_tag","embeddable":true,"href":"http:\/\/www.nature-comminges.asso.fr\/index.php\/wp-json\/wp\/v2\/tags?post=4621"}],"curies":[{"name":"wp","href":"https:\/\/api.w.org\/{rel}","templated":true}]}}