{"id":4426,"date":"2020-06-29T20:51:30","date_gmt":"2020-06-29T19:51:30","guid":{"rendered":"http:\/\/www.nature-comminges.asso.fr\/?p=4426"},"modified":"2021-12-05T12:24:32","modified_gmt":"2021-12-05T11:24:32","slug":"juin-2020-tous-pour-lours-dans-les-pyrenees-4-juillet-a-toulouse","status":"publish","type":"post","link":"http:\/\/www.nature-comminges.asso.fr\/index.php\/juin-2020-tous-pour-lours-dans-les-pyrenees-4-juillet-a-toulouse\/","title":{"rendered":"Juin 2020 &nbsp; Tous pour l&#8217;ours dans les Pyr\u00e9n\u00e9es, 4 juillet \u00e0 Toulouse"},"content":{"rendered":"<p><span style=\"font-size: large;\">Un ours a \u00e9t\u00e9 ill\u00e9galement abattu en Ari\u00e8ge d\u00e9but juin.<br \/>\n<\/span><span style=\"font-size: large;\">Face \u00e0 la r\u00e9action tr\u00e8s molle de l\u2019Etat et \u00e0 l\u2019impunit\u00e9 accord\u00e9e aux anti-ours violents, nous appelons tous les amis de la Nature \u00e0 se rassembler <br class=' sb-br' \/> <\/span><!--more--><\/p>\n<p><span style=\"font-size: large;\"><strong>\u00a0<br class=' sb-br' \/> <br class=' sb-br' \/> samedi 4 juillet 2020 \u00e0 11H<\/strong> devant la Pr\u00e9fecture de R\u00e9gion \u00e0 Toulouse, Place Saint \u00c9tienne<\/span><\/p>\n<p><span style=\"font-size: large;\">\u00a0<br class=' sb-br' \/> Nous demanderons \u00e0 l\u2019Etat :<\/span><\/p>\n<p><span style=\"font-size: large;\">\u00a0<br class=' sb-br' \/> <strong>\u00b7 Une enqu\u00eate s\u00e9rieuse pour identifier le(s) responsable(s)<\/strong><\/span><\/p>\n<p><span style=\"font-size: large;\">\u00a0<br class=' sb-br' \/> <strong>\u00b7 Des condamnations exemplaires pour le(s) tueur(s) d&#8217;ours et les \u00e9ventuels complices<\/strong><\/span><\/p>\n<p><span style=\"font-size: large;\">\u00a0<br class=' sb-br' \/> <strong>\u00b7 Le remplacement imm\u00e9diat de l\u2019ours tu\u00e9<\/strong><\/span><\/p>\n<p><span style=\"font-size: large;\">\u00a0<br class=' sb-br' \/> <strong>\u00b7 L\u2019arr\u00eat des effarouchements inutiles et dangereux<\/strong><\/span><\/p>\n<p><span style=\"font-size: large;\">\u00a0<br class=' sb-br' \/> <strong>\u00b7 Une politique enfin claire et ferme de restauration de la population d\u2019ours<\/strong><\/span><\/p>\n<p><span style=\"font-size: large;\">\u00a0<br class=' sb-br' \/> Nous nous rassemblerons <strong>pacifiquement<\/strong>, en conservant une <strong>attitude et des propos respectueux<\/strong> de tous, et en observant les <strong>mesures sanitaires<\/strong> en vigueur (respect des distances, port du masque).<\/span><\/p>\n<p><span style=\"font-size: large;\">\u00a0<br class=' sb-br' \/> Nous demandons au Pr\u00e9fet de recevoir \u00e0 cette occasion une d\u00e9l\u00e9gation des organisateurs.<br \/>\n<\/span><span style=\"font-size: large;\">Divers responsables associatifs et des personnalit\u00e9s prendront la parole, et nous pr\u00e9voyons quelques animations pour \u00e9gayer ce moment de mobilisation revendicatif et constructif. <br class=' sb-br' \/>\u00a0<\/span><\/p>\n<p><a href=\"http:\/\/www.nature-comminges.asso.fr\/wp-content\/uploads\/2020\/06\/ours-manif.jpg\" rel=\"lightbox[4426]\"><img loading=\"lazy\" class=\"size-full wp-image-4430 aligncenter\" src=\"http:\/\/www.nature-comminges.asso.fr\/wp-content\/uploads\/2020\/06\/ours-manif.jpg\" alt=\"\" width=\"800\" height=\"418\" srcset=\"http:\/\/www.nature-comminges.asso.fr\/wp-content\/uploads\/2020\/06\/ours-manif.jpg 800w, http:\/\/www.nature-comminges.asso.fr\/wp-content\/uploads\/2020\/06\/ours-manif-300x157.jpg 300w, http:\/\/www.nature-comminges.asso.fr\/wp-content\/uploads\/2020\/06\/ours-manif-768x401.jpg 768w, http:\/\/www.nature-comminges.asso.fr\/wp-content\/uploads\/2020\/06\/ours-manif-624x326.jpg 624w\" sizes=\"(max-width: 800px) 100vw, 800px\" \/><\/a><\/p>\n","protected":false},"excerpt":{"rendered":"<p>Un ours a \u00e9t\u00e9 ill\u00e9galement abattu en Ari\u00e8ge d\u00e9but juin. Face \u00e0 la r\u00e9action tr\u00e8s molle de l\u2019Etat et \u00e0 l\u2019impunit\u00e9 accord\u00e9e aux anti-ours violents, nous appelons tous les amis de la Nature \u00e0 se rassembler<\/p>\n","protected":false},"author":2,"featured_media":4765,"comment_status":"open","ping_status":"open","sticky":false,"template":"","format":"standard","meta":[],"categories":[6],"tags":[],"_links":{"self":[{"href":"http:\/\/www.nature-comminges.asso.fr\/index.php\/wp-json\/wp\/v2\/posts\/4426"}],"collection":[{"href":"http:\/\/www.nature-comminges.asso.fr\/index.php\/wp-json\/wp\/v2\/posts"}],"about":[{"href":"http:\/\/www.nature-comminges.asso.fr\/index.php\/wp-json\/wp\/v2\/types\/post"}],"author":[{"embeddable":true,"href":"http:\/\/www.nature-comminges.asso.fr\/index.php\/wp-json\/wp\/v2\/users\/2"}],"replies":[{"embeddable":true,"href":"http:\/\/www.nature-comminges.asso.fr\/index.php\/wp-json\/wp\/v2\/comments?post=4426"}],"version-history":[{"count":6,"href":"http:\/\/www.nature-comminges.asso.fr\/index.php\/wp-json\/wp\/v2\/posts\/4426\/revisions"}],"predecessor-version":[{"id":4434,"href":"http:\/\/www.nature-comminges.asso.fr\/index.php\/wp-json\/wp\/v2\/posts\/4426\/revisions\/4434"}],"wp:featuredmedia":[{"embeddable":true,"href":"http:\/\/www.nature-comminges.asso.fr\/index.php\/wp-json\/wp\/v2\/media\/4765"}],"wp:attachment":[{"href":"http:\/\/www.nature-comminges.asso.fr\/index.php\/wp-json\/wp\/v2\/media?parent=4426"}],"wp:term":[{"taxonomy":"category","embeddable":true,"href":"http:\/\/www.nature-comminges.asso.fr\/index.php\/wp-json\/wp\/v2\/categories?post=4426"},{"taxonomy":"post_tag","embeddable":true,"href":"http:\/\/www.nature-comminges.asso.fr\/index.php\/wp-json\/wp\/v2\/tags?post=4426"}],"curies":[{"name":"wp","href":"https:\/\/api.w.org\/{rel}","templated":true}]}}