{"id":4410,"date":"2020-06-01T20:51:57","date_gmt":"2020-06-01T19:51:57","guid":{"rendered":"http:\/\/www.nature-comminges.asso.fr\/?p=4410"},"modified":"2020-06-01T20:53:43","modified_gmt":"2020-06-01T19:53:43","slug":"mai-2020-sortie-au-pic-de-lescalette","status":"publish","type":"post","link":"http:\/\/www.nature-comminges.asso.fr\/index.php\/mai-2020-sortie-au-pic-de-lescalette\/","title":{"rendered":"Mai 2020 &nbsp; sortie au pic de l&#8217;Escalette"},"content":{"rendered":"<p><span style=\"font-size: large;\">Une partie du groupe botanique s\u2019est retrouv\u00e9e jeudi 21 mai 2020 pour une sortie en montagne au d\u00e9part du Col de Ment\u00e9.<\/span><\/p>\n<p><!--more--><\/p>\n<p><br class=' sb-br' \/> <br class=' sb-br' \/> <br class=' sb-br' \/><\/p>\n<p><span style=\"font-size: large;\">Les milieux assez vari\u00e9s que nous avons parcourus, talus, prairies, rochers, for\u00eat\u2026 nous ont permis de reconna\u00eetre un grand nombre de plantes, certaines bien connues, d\u2019autres plus rares : aster des Alpes, renoncule de Gouan, horminelle des Pyr\u00e9n\u00e9es, renoncule thora, androsace velue\u2026<\/span><\/p>\n<br class=' sb-br' \/>\n<p><a href=\"http:\/\/www.nature-comminges.asso.fr\/wp-content\/uploads\/2020\/06\/androsace-velue.jpg\" rel=\"lightbox[4410]\"><img loading=\"lazy\" class=\"size-full wp-image-4411 aligncenter\" src=\"http:\/\/www.nature-comminges.asso.fr\/wp-content\/uploads\/2020\/06\/androsace-velue.jpg\" alt=\"\" width=\"700\" height=\"502\" srcset=\"http:\/\/www.nature-comminges.asso.fr\/wp-content\/uploads\/2020\/06\/androsace-velue.jpg 700w, http:\/\/www.nature-comminges.asso.fr\/wp-content\/uploads\/2020\/06\/androsace-velue-300x215.jpg 300w, http:\/\/www.nature-comminges.asso.fr\/wp-content\/uploads\/2020\/06\/androsace-velue-624x447.jpg 624w\" sizes=\"(max-width: 700px) 100vw, 700px\" \/><\/a> <a href=\"http:\/\/www.nature-comminges.asso.fr\/wp-content\/uploads\/2020\/06\/renoncule-thora.jpg\" rel=\"lightbox[4410]\"><img loading=\"lazy\" class=\"size-full wp-image-4412 aligncenter\" src=\"http:\/\/www.nature-comminges.asso.fr\/wp-content\/uploads\/2020\/06\/renoncule-thora.jpg\" alt=\"\" width=\"317\" height=\"494\" srcset=\"http:\/\/www.nature-comminges.asso.fr\/wp-content\/uploads\/2020\/06\/renoncule-thora.jpg 317w, http:\/\/www.nature-comminges.asso.fr\/wp-content\/uploads\/2020\/06\/renoncule-thora-193x300.jpg 193w\" sizes=\"(max-width: 317px) 100vw, 317px\" \/><\/a><a href=\"http:\/\/www.nature-comminges.asso.fr\/wp-content\/uploads\/2020\/06\/aster-des-Alpes.jpg\" rel=\"lightbox[4410]\"><img loading=\"lazy\" class=\"size-full wp-image-4415 aligncenter\" src=\"http:\/\/www.nature-comminges.asso.fr\/wp-content\/uploads\/2020\/06\/aster-des-Alpes.jpg\" alt=\"\" width=\"315\" height=\"499\" srcset=\"http:\/\/www.nature-comminges.asso.fr\/wp-content\/uploads\/2020\/06\/aster-des-Alpes.jpg 315w, http:\/\/www.nature-comminges.asso.fr\/wp-content\/uploads\/2020\/06\/aster-des-Alpes-189x300.jpg 189w\" sizes=\"(max-width: 315px) 100vw, 315px\" \/><\/a> <a href=\"http:\/\/www.nature-comminges.asso.fr\/wp-content\/uploads\/2020\/06\/escalette-6.jpg\" rel=\"lightbox[4410]\"><img loading=\"lazy\" class=\"size-full wp-image-4413 aligncenter\" src=\"http:\/\/www.nature-comminges.asso.fr\/wp-content\/uploads\/2020\/06\/escalette-6.jpg\" alt=\"\" width=\"670\" height=\"447\" srcset=\"http:\/\/www.nature-comminges.asso.fr\/wp-content\/uploads\/2020\/06\/escalette-6.jpg 670w, http:\/\/www.nature-comminges.asso.fr\/wp-content\/uploads\/2020\/06\/escalette-6-300x200.jpg 300w, http:\/\/www.nature-comminges.asso.fr\/wp-content\/uploads\/2020\/06\/escalette-6-624x416.jpg 624w\" sizes=\"(max-width: 670px) 100vw, 670px\" \/><\/a> <a href=\"http:\/\/www.nature-comminges.asso.fr\/wp-content\/uploads\/2020\/06\/escalette-2.jpg\" rel=\"lightbox[4410]\"><img loading=\"lazy\" class=\"size-full wp-image-4414 aligncenter\" src=\"http:\/\/www.nature-comminges.asso.fr\/wp-content\/uploads\/2020\/06\/escalette-2.jpg\" alt=\"\" width=\"816\" height=\"544\" srcset=\"http:\/\/www.nature-comminges.asso.fr\/wp-content\/uploads\/2020\/06\/escalette-2.jpg 816w, http:\/\/www.nature-comminges.asso.fr\/wp-content\/uploads\/2020\/06\/escalette-2-300x200.jpg 300w, http:\/\/www.nature-comminges.asso.fr\/wp-content\/uploads\/2020\/06\/escalette-2-768x512.jpg 768w, http:\/\/www.nature-comminges.asso.fr\/wp-content\/uploads\/2020\/06\/escalette-2-624x416.jpg 624w\" sizes=\"(max-width: 816px) 100vw, 816px\" \/><\/a><\/p>\n<p style=\"text-align: center;\"><span style=\"font-size: large;\">Au sommet du Pic de l&#8217;Escalette<\/span><\/p>\n<p>&nbsp;<\/p>\n<p>OLYMPUS DIGITAL CAMERA<\/p>\n","protected":false},"excerpt":{"rendered":"<p>Une partie du groupe botanique s\u2019est retrouv\u00e9e jeudi 21 mai 2020 pour une sortie en montagne au d\u00e9part du Col de Ment\u00e9.<\/p>\n","protected":false},"author":2,"featured_media":4417,"comment_status":"open","ping_status":"open","sticky":false,"template":"","format":"standard","meta":[],"categories":[6],"tags":[],"_links":{"self":[{"href":"http:\/\/www.nature-comminges.asso.fr\/index.php\/wp-json\/wp\/v2\/posts\/4410"}],"collection":[{"href":"http:\/\/www.nature-comminges.asso.fr\/index.php\/wp-json\/wp\/v2\/posts"}],"about":[{"href":"http:\/\/www.nature-comminges.asso.fr\/index.php\/wp-json\/wp\/v2\/types\/post"}],"author":[{"embeddable":true,"href":"http:\/\/www.nature-comminges.asso.fr\/index.php\/wp-json\/wp\/v2\/users\/2"}],"replies":[{"embeddable":true,"href":"http:\/\/www.nature-comminges.asso.fr\/index.php\/wp-json\/wp\/v2\/comments?post=4410"}],"version-history":[{"count":4,"href":"http:\/\/www.nature-comminges.asso.fr\/index.php\/wp-json\/wp\/v2\/posts\/4410\/revisions"}],"predecessor-version":[{"id":4420,"href":"http:\/\/www.nature-comminges.asso.fr\/index.php\/wp-json\/wp\/v2\/posts\/4410\/revisions\/4420"}],"wp:featuredmedia":[{"embeddable":true,"href":"http:\/\/www.nature-comminges.asso.fr\/index.php\/wp-json\/wp\/v2\/media\/4417"}],"wp:attachment":[{"href":"http:\/\/www.nature-comminges.asso.fr\/index.php\/wp-json\/wp\/v2\/media?parent=4410"}],"wp:term":[{"taxonomy":"category","embeddable":true,"href":"http:\/\/www.nature-comminges.asso.fr\/index.php\/wp-json\/wp\/v2\/categories?post=4410"},{"taxonomy":"post_tag","embeddable":true,"href":"http:\/\/www.nature-comminges.asso.fr\/index.php\/wp-json\/wp\/v2\/tags?post=4410"}],"curies":[{"name":"wp","href":"https:\/\/api.w.org\/{rel}","templated":true}]}}