{"id":4178,"date":"2019-09-15T20:59:32","date_gmt":"2019-09-15T19:59:32","guid":{"rendered":"http:\/\/www.nature-comminges.asso.fr\/?p=4178"},"modified":"2019-09-15T20:59:32","modified_gmt":"2019-09-15T19:59:32","slug":"septembre-2019-fete-de-montagne-2019","status":"publish","type":"post","link":"http:\/\/www.nature-comminges.asso.fr\/index.php\/septembre-2019-fete-de-montagne-2019\/","title":{"rendered":"Septembre 2019 &nbsp; F\u00eate de la montagne 2019"},"content":{"rendered":"<p><span style=\"font-size: large;\">L<\/span><span style=\"font-size: large;\">\u2019Association Nature Comminges a particip\u00e9 \u00e0 la 7\u00e8me \u00e9dition de la F\u00eate de la Montagne le samedi et dimanche 14-15 septembre 2019 au Mourtis sur la commune de Boutx. <br class=' sb-br' \/>\u00a0<\/span><!--more--><\/p>\n<p><span style=\"font-size: large;\">Plusieurs stands dont celui de l\u2019association Nature Comminges ont permis d\u2019informer le grand public sur la vie montagnarde, de faire d\u00e9couvrir les traditions et les activit\u00e9s de montagne estivales telles que la randonn\u00e9e, le VTT, la marche nordique, la via ferrata ou le canyoning et de montrer que la montagne est accessible \u00e0 tous. <br class=' sb-br' \/>\u00a0<\/span><\/p>\n<p><a href=\"http:\/\/www.nature-comminges.asso.fr\/wp-content\/uploads\/2019\/09\/Fete_de_la_montagne_2019.jpg\" rel=\"lightbox[4178]\"><img loading=\"lazy\" class=\"alignnone size-full wp-image-4183\" src=\"http:\/\/www.nature-comminges.asso.fr\/wp-content\/uploads\/2019\/09\/Fete_de_la_montagne_2019.jpg\" alt=\"\" width=\"1000\" height=\"562\" srcset=\"http:\/\/www.nature-comminges.asso.fr\/wp-content\/uploads\/2019\/09\/Fete_de_la_montagne_2019.jpg 1000w, http:\/\/www.nature-comminges.asso.fr\/wp-content\/uploads\/2019\/09\/Fete_de_la_montagne_2019-300x169.jpg 300w, http:\/\/www.nature-comminges.asso.fr\/wp-content\/uploads\/2019\/09\/Fete_de_la_montagne_2019-768x432.jpg 768w, http:\/\/www.nature-comminges.asso.fr\/wp-content\/uploads\/2019\/09\/Fete_de_la_montagne_2019-624x351.jpg 624w\" sizes=\"(max-width: 1000px) 100vw, 1000px\" \/><\/a><\/p>\n","protected":false},"excerpt":{"rendered":"<p>L\u2019Association Nature Comminges a particip\u00e9 \u00e0 la 7\u00e8me \u00e9dition de la F\u00eate de la Montagne le samedi et dimanche 14-15 septembre 2019 au Mourtis sur la commune de Boutx. \u00a0<\/p>\n","protected":false},"author":2,"featured_media":4181,"comment_status":"open","ping_status":"open","sticky":false,"template":"","format":"standard","meta":[],"categories":[6],"tags":[],"_links":{"self":[{"href":"http:\/\/www.nature-comminges.asso.fr\/index.php\/wp-json\/wp\/v2\/posts\/4178"}],"collection":[{"href":"http:\/\/www.nature-comminges.asso.fr\/index.php\/wp-json\/wp\/v2\/posts"}],"about":[{"href":"http:\/\/www.nature-comminges.asso.fr\/index.php\/wp-json\/wp\/v2\/types\/post"}],"author":[{"embeddable":true,"href":"http:\/\/www.nature-comminges.asso.fr\/index.php\/wp-json\/wp\/v2\/users\/2"}],"replies":[{"embeddable":true,"href":"http:\/\/www.nature-comminges.asso.fr\/index.php\/wp-json\/wp\/v2\/comments?post=4178"}],"version-history":[{"count":4,"href":"http:\/\/www.nature-comminges.asso.fr\/index.php\/wp-json\/wp\/v2\/posts\/4178\/revisions"}],"predecessor-version":[{"id":4184,"href":"http:\/\/www.nature-comminges.asso.fr\/index.php\/wp-json\/wp\/v2\/posts\/4178\/revisions\/4184"}],"wp:featuredmedia":[{"embeddable":true,"href":"http:\/\/www.nature-comminges.asso.fr\/index.php\/wp-json\/wp\/v2\/media\/4181"}],"wp:attachment":[{"href":"http:\/\/www.nature-comminges.asso.fr\/index.php\/wp-json\/wp\/v2\/media?parent=4178"}],"wp:term":[{"taxonomy":"category","embeddable":true,"href":"http:\/\/www.nature-comminges.asso.fr\/index.php\/wp-json\/wp\/v2\/categories?post=4178"},{"taxonomy":"post_tag","embeddable":true,"href":"http:\/\/www.nature-comminges.asso.fr\/index.php\/wp-json\/wp\/v2\/tags?post=4178"}],"curies":[{"name":"wp","href":"https:\/\/api.w.org\/{rel}","templated":true}]}}