{"id":4099,"date":"2019-06-21T12:42:52","date_gmt":"2019-06-21T11:42:52","guid":{"rendered":"http:\/\/www.nature-comminges.asso.fr\/?p=4099"},"modified":"2019-07-01T14:59:26","modified_gmt":"2019-07-01T13:59:26","slug":"juin-2019-sortie-de-senbilisation-cfppa-de-pamiers","status":"publish","type":"post","link":"http:\/\/www.nature-comminges.asso.fr\/index.php\/juin-2019-sortie-de-senbilisation-cfppa-de-pamiers\/","title":{"rendered":"Juin 2019 &nbsp;Sortie de senbilisation du CFPPA de Pamiers"},"content":{"rendered":"<p align=\"justify\"><span style=\"font-size: large;\">C&#8217;est dans une h\u00eatraie non exploit\u00e9e depuis 1860 du pi\u00e9mont commingeois que Philippe, charg\u00e9 de mission \u00e0 l\u2019Observatoire des for\u00eats, a amen\u00e9 le dernier jour du printemps une quinzaine d\u2019\u00e9tudiants du CFPPA De Pamiers\u00a0 ( formation b\u00fbcherons, et formation espaces verts de l&#8217;antenne de St Gaudens).\u00a0<\/span><strong><!--more--><\/strong><\/p>\n<p align=\"justify\"><span style=\"font-size: large;\">\u00a0<br class=' sb-br' \/> <br class=' sb-br' \/> Reconduite chaque ann\u00e9e depuis 3 ans, cette sensibilisation fait suite \u00e0 un expos\u00e9 en salle, permettant d\u2019appr\u00e9hender la biologie des for\u00eats naturelles pyr\u00e9n\u00e9ennes. <\/span><\/p>\n<div id=\"attachment_4100\" style=\"width: 1510px\" class=\"wp-caption alignnone\"><a href=\"http:\/\/www.nature-comminges.asso.fr\/wp-content\/uploads\/2019\/06\/COMPR-DSC07646.jpg\" rel=\"lightbox[4099]\"><img aria-describedby=\"caption-attachment-4100\" loading=\"lazy\" class=\"wp-image-4100 size-full\" src=\"http:\/\/www.nature-comminges.asso.fr\/wp-content\/uploads\/2019\/06\/COMPR-DSC07646.jpg\" alt=\"\" width=\"1500\" height=\"844\" srcset=\"http:\/\/www.nature-comminges.asso.fr\/wp-content\/uploads\/2019\/06\/COMPR-DSC07646.jpg 1500w, http:\/\/www.nature-comminges.asso.fr\/wp-content\/uploads\/2019\/06\/COMPR-DSC07646-300x169.jpg 300w, http:\/\/www.nature-comminges.asso.fr\/wp-content\/uploads\/2019\/06\/COMPR-DSC07646-768x432.jpg 768w, http:\/\/www.nature-comminges.asso.fr\/wp-content\/uploads\/2019\/06\/COMPR-DSC07646-1024x576.jpg 1024w, http:\/\/www.nature-comminges.asso.fr\/wp-content\/uploads\/2019\/06\/COMPR-DSC07646-624x351.jpg 624w\" sizes=\"(max-width: 1500px) 100vw, 1500px\" \/><\/a><p id=\"caption-attachment-4100\" class=\"wp-caption-text\">H\u00eatraie majestueuse, avec des arbres atteignant les 40m de hauteur<\/p><\/div>\n<p><a href=\"http:\/\/www.nature-comminges.asso.fr\/wp-content\/uploads\/2019\/06\/DSC07638.jpg\" rel=\"lightbox[4099]\"><img loading=\"lazy\" class=\"alignnone wp-image-4101 size-full\" src=\"http:\/\/www.nature-comminges.asso.fr\/wp-content\/uploads\/2019\/06\/DSC07638.jpg\" alt=\"\" width=\"1500\" height=\"558\" srcset=\"http:\/\/www.nature-comminges.asso.fr\/wp-content\/uploads\/2019\/06\/DSC07638.jpg 1500w, http:\/\/www.nature-comminges.asso.fr\/wp-content\/uploads\/2019\/06\/DSC07638-300x112.jpg 300w, http:\/\/www.nature-comminges.asso.fr\/wp-content\/uploads\/2019\/06\/DSC07638-768x286.jpg 768w, http:\/\/www.nature-comminges.asso.fr\/wp-content\/uploads\/2019\/06\/DSC07638-1024x381.jpg 1024w, http:\/\/www.nature-comminges.asso.fr\/wp-content\/uploads\/2019\/06\/DSC07638-624x232.jpg 624w\" sizes=\"(max-width: 1500px) 100vw, 1500px\" \/><\/a><\/p>\n<div id=\"attachment_4102\" style=\"width: 1510px\" class=\"wp-caption alignnone\"><a href=\"http:\/\/www.nature-comminges.asso.fr\/wp-content\/uploads\/2019\/06\/DSC07650.jpg\" rel=\"lightbox[4099]\"><img aria-describedby=\"caption-attachment-4102\" loading=\"lazy\" class=\"wp-image-4102 size-full\" src=\"http:\/\/www.nature-comminges.asso.fr\/wp-content\/uploads\/2019\/06\/DSC07650.jpg\" alt=\"\" width=\"1500\" height=\"699\" srcset=\"http:\/\/www.nature-comminges.asso.fr\/wp-content\/uploads\/2019\/06\/DSC07650.jpg 1500w, http:\/\/www.nature-comminges.asso.fr\/wp-content\/uploads\/2019\/06\/DSC07650-300x140.jpg 300w, http:\/\/www.nature-comminges.asso.fr\/wp-content\/uploads\/2019\/06\/DSC07650-768x358.jpg 768w, http:\/\/www.nature-comminges.asso.fr\/wp-content\/uploads\/2019\/06\/DSC07650-1024x477.jpg 1024w, http:\/\/www.nature-comminges.asso.fr\/wp-content\/uploads\/2019\/06\/DSC07650-624x291.jpg 624w\" sizes=\"(max-width: 1500px) 100vw, 1500px\" \/><\/a><p id=\"caption-attachment-4102\" class=\"wp-caption-text\">Cueillette de merises \u00e0 l&#8217;aide du compas forestier en fin de journ\u00e9e<\/p><\/div>\n<p><br class=' sb-br' \/> <br class=' sb-br' \/><\/p>\n","protected":false},"excerpt":{"rendered":"<p>C&#8217;est dans une h\u00eatraie non exploit\u00e9e depuis 1860 du pi\u00e9mont commingeois que Philippe, charg\u00e9 de mission \u00e0 l\u2019Observatoire des for\u00eats, a amen\u00e9 le dernier jour du printemps une quinzaine d\u2019\u00e9tudiants du CFPPA De Pamiers\u00a0 ( formation b\u00fbcherons, et formation espaces verts de l&#8217;antenne de St Gaudens).\u00a0<\/p>\n","protected":false},"author":2,"featured_media":4106,"comment_status":"open","ping_status":"open","sticky":false,"template":"","format":"standard","meta":[],"categories":[6],"tags":[],"_links":{"self":[{"href":"http:\/\/www.nature-comminges.asso.fr\/index.php\/wp-json\/wp\/v2\/posts\/4099"}],"collection":[{"href":"http:\/\/www.nature-comminges.asso.fr\/index.php\/wp-json\/wp\/v2\/posts"}],"about":[{"href":"http:\/\/www.nature-comminges.asso.fr\/index.php\/wp-json\/wp\/v2\/types\/post"}],"author":[{"embeddable":true,"href":"http:\/\/www.nature-comminges.asso.fr\/index.php\/wp-json\/wp\/v2\/users\/2"}],"replies":[{"embeddable":true,"href":"http:\/\/www.nature-comminges.asso.fr\/index.php\/wp-json\/wp\/v2\/comments?post=4099"}],"version-history":[{"count":10,"href":"http:\/\/www.nature-comminges.asso.fr\/index.php\/wp-json\/wp\/v2\/posts\/4099\/revisions"}],"predecessor-version":[{"id":4118,"href":"http:\/\/www.nature-comminges.asso.fr\/index.php\/wp-json\/wp\/v2\/posts\/4099\/revisions\/4118"}],"wp:featuredmedia":[{"embeddable":true,"href":"http:\/\/www.nature-comminges.asso.fr\/index.php\/wp-json\/wp\/v2\/media\/4106"}],"wp:attachment":[{"href":"http:\/\/www.nature-comminges.asso.fr\/index.php\/wp-json\/wp\/v2\/media?parent=4099"}],"wp:term":[{"taxonomy":"category","embeddable":true,"href":"http:\/\/www.nature-comminges.asso.fr\/index.php\/wp-json\/wp\/v2\/categories?post=4099"},{"taxonomy":"post_tag","embeddable":true,"href":"http:\/\/www.nature-comminges.asso.fr\/index.php\/wp-json\/wp\/v2\/tags?post=4099"}],"curies":[{"name":"wp","href":"https:\/\/api.w.org\/{rel}","templated":true}]}}