{"id":4089,"date":"2019-06-02T20:14:25","date_gmt":"2019-06-02T19:14:25","guid":{"rendered":"http:\/\/www.nature-comminges.asso.fr\/?p=4089"},"modified":"2021-12-05T12:35:44","modified_gmt":"2021-12-05T11:35:44","slug":"juin-2019-contre-leffarouchement-de-lours","status":"publish","type":"post","link":"http:\/\/www.nature-comminges.asso.fr\/index.php\/juin-2019-contre-leffarouchement-de-lours\/","title":{"rendered":"Juin 2019 &nbsp; Contre l&#8217;effarouchement de l&#8217;ours"},"content":{"rendered":"<p><span style=\"font-size: large;\">Les associations membres de la coordination Cap Ours appellent toutes les personnes sensibles \u00e0 la protection de la Biodiversit\u00e9 <a href=\"http:\/\/www.consultations-publiques.developpement-durable.gouv.fr\/spip.php?page=article&amp;id_article=1957\">\u00e0 s\u2019exprimer ici<\/a>\u00a0<\/span><span style=\"font-size: large;\">CONTRE l\u2019effarouchement des ours. <br class=' sb-br' \/>\u00a0<\/span><!--more--><\/p>\n<p><span style=\"font-size: large;\">Attention\u00a0: la consultation s\u2019arr\u00eate le <b>14 Juin<\/b>. <br class=' sb-br' \/>\u00a0<\/span><\/p>\n<p><span style=\"font-size: large;\">Nous vous sugg\u00e9rons de commencer votre commentaire par cette formule tr\u00e8s claire\u00a0: \u00ab\u00a0<i><b>Je suis contre l\u2019effarouchement des ours dans les Pyr\u00e9n\u00e9es<\/b><\/i><i>.\u00a0<\/i>\u00bb <br class=' sb-br' \/>\u00a0<\/span><\/p>\n<p><span style=\"font-size: large;\">Vous pouvez ensuite compl\u00e9ter selon votre sensibilit\u00e9 avec vos propres arguments, vous pouvez aussi utiliser ceux-l\u00e0\u00a0: <br class=' sb-br' \/>\u00a0<\/span><\/p>\n<p><span style=\"font-size: large;\"><span style=\"font-family: Symbol;\">\u00b7<\/span><span style=\"font-family: Symbol;\">\u00a0\u00a0\u00a0\u00a0\u00a0\u00a0\u00a0 <\/span>Le seul moyen de r\u00e9duire les d\u00e9g\u00e2ts d\u2019ours est de prot\u00e9ger les troupeaux. Toutes les actions doivent aller dans ce sens, ce qui n\u2019est pas le cas de ces effarouchements. <br class=' sb-br' \/>\u00a0<\/span><\/p>\n<p><span style=\"font-size: large;\"><span style=\"font-family: Symbol;\">\u00b7<\/span><span style=\"font-family: Symbol;\">\u00a0\u00a0\u00a0\u00a0\u00a0\u00a0\u00a0 <\/span>Effaroucher les ours dans ces conditions est ill\u00e9gal en regard de la directive europ\u00e9enne \u00ab\u00a0Habitats\u00a0\u00bb. Il y a en effet d\u2019autres solutions, et c\u2019est potentiellement dangereux pour les ours. <br class=' sb-br' \/>\u00a0<\/span><\/p>\n<p><span style=\"font-size: large;\"><span style=\"font-family: Symbol;\">\u00b7<\/span><span style=\"font-family: Symbol;\">\u00a0\u00a0\u00a0\u00a0\u00a0\u00a0\u00a0 <\/span>Le tir \u00e0 balles de caoutchouc est potentiellement dangereux pour les ours, a fortiori s\u2019il est pratiqu\u00e9 par des personnes non-form\u00e9es et non-exp\u00e9riment\u00e9es comme c\u2019est pr\u00e9vu dans ce projet d\u2019arr\u00eat\u00e9. <br class=' sb-br' \/>\u00a0<\/span><\/p>\n<p><span style=\"font-size: large;\"><span style=\"font-family: Symbol;\">\u00b7<\/span><span style=\"font-family: Symbol;\">\u00a0\u00a0\u00a0\u00a0\u00a0\u00a0\u00a0 <\/span>Le meilleur moyen d\u2019effaroucher les ours sans risque est l\u2019utilisation de chiens de protection. Ils sont autonomes, peu chers et tr\u00e8s efficaces quand ils sont bien \u00e9duqu\u00e9s, en nombre suffisant et dans de bonnes conditions (troupeaux regroup\u00e9s la nuit). Hors cas exceptionnel, c\u2019est le seul mode d\u2019effarouchement acceptable. <br class=' sb-br' \/>\u00a0<\/span><\/p>\n<p><span style=\"font-size: large;\"><span style=\"font-family: Symbol;\">\u00b7<\/span><span style=\"font-family: Symbol;\">\u00a0\u00a0\u00a0\u00a0\u00a0\u00a0\u00a0 <\/span>Les bergers ont autre chose \u00e0 faire la nuit que d\u2019effaroucher les ours. D\u00e9j\u00e0 tr\u00e8s occup\u00e9s la journ\u00e9e, ils doivent se reposer la nuit. <br class=' sb-br' \/>\u00a0<\/span><\/p>\n<p><span style=\"font-size: large;\"><span style=\"font-family: Symbol;\">\u00b7<\/span><span style=\"font-family: Symbol;\">\u00a0\u00a0\u00a0\u00a0\u00a0\u00a0\u00a0 <\/span>Effaroucher les ours est inutile si les troupeaux sont prot\u00e9g\u00e9s et inefficaces s\u2019ils ne le sont pas. Il est impossible de faire comprendre \u00e0 un ours qu\u2019il ne doit pas attaquer \u00e0 des troupeaux sans protection ! <br class=' sb-br' \/>\u00a0<\/span><\/p>\n<p><span style=\"font-size: large;\"><span style=\"font-family: Symbol;\">\u00b7<\/span><span style=\"font-family: Symbol;\">\u00a0\u00a0\u00a0\u00a0\u00a0\u00a0\u00a0 <\/span>L\u2019effarouchement d\u2019ours anormalement pr\u00e9dateur est d\u00e9j\u00e0 pr\u00e9vu et possible dans le cadre du protocole \u00ab\u00a0ours \u00e0 probl\u00e8me\u00a0\u00bb. Or, aucun ours actuellement pr\u00e9sent dans les Pyr\u00e9n\u00e9es ne rel\u00e8ve de cette cat\u00e9gorie. <br class=' sb-br' \/>\u00a0<\/span><\/p>\n<p>&nbsp;<\/p>\n","protected":false},"excerpt":{"rendered":"<p>Les associations membres de la coordination Cap Ours appellent toutes les personnes sensibles \u00e0 la protection de la Biodiversit\u00e9 \u00e0 s\u2019exprimer ici\u00a0CONTRE l\u2019effarouchement des ours. \u00a0<\/p>\n","protected":false},"author":2,"featured_media":4767,"comment_status":"open","ping_status":"open","sticky":false,"template":"","format":"standard","meta":[],"categories":[6],"tags":[],"_links":{"self":[{"href":"http:\/\/www.nature-comminges.asso.fr\/index.php\/wp-json\/wp\/v2\/posts\/4089"}],"collection":[{"href":"http:\/\/www.nature-comminges.asso.fr\/index.php\/wp-json\/wp\/v2\/posts"}],"about":[{"href":"http:\/\/www.nature-comminges.asso.fr\/index.php\/wp-json\/wp\/v2\/types\/post"}],"author":[{"embeddable":true,"href":"http:\/\/www.nature-comminges.asso.fr\/index.php\/wp-json\/wp\/v2\/users\/2"}],"replies":[{"embeddable":true,"href":"http:\/\/www.nature-comminges.asso.fr\/index.php\/wp-json\/wp\/v2\/comments?post=4089"}],"version-history":[{"count":3,"href":"http:\/\/www.nature-comminges.asso.fr\/index.php\/wp-json\/wp\/v2\/posts\/4089\/revisions"}],"predecessor-version":[{"id":4725,"href":"http:\/\/www.nature-comminges.asso.fr\/index.php\/wp-json\/wp\/v2\/posts\/4089\/revisions\/4725"}],"wp:featuredmedia":[{"embeddable":true,"href":"http:\/\/www.nature-comminges.asso.fr\/index.php\/wp-json\/wp\/v2\/media\/4767"}],"wp:attachment":[{"href":"http:\/\/www.nature-comminges.asso.fr\/index.php\/wp-json\/wp\/v2\/media?parent=4089"}],"wp:term":[{"taxonomy":"category","embeddable":true,"href":"http:\/\/www.nature-comminges.asso.fr\/index.php\/wp-json\/wp\/v2\/categories?post=4089"},{"taxonomy":"post_tag","embeddable":true,"href":"http:\/\/www.nature-comminges.asso.fr\/index.php\/wp-json\/wp\/v2\/tags?post=4089"}],"curies":[{"name":"wp","href":"https:\/\/api.w.org\/{rel}","templated":true}]}}