{"id":4074,"date":"2019-05-22T20:16:34","date_gmt":"2019-05-22T19:16:34","guid":{"rendered":"http:\/\/www.nature-comminges.asso.fr\/?p=4074"},"modified":"2019-05-23T09:46:10","modified_gmt":"2019-05-23T08:46:10","slug":"mai-2019-foire-bio-a-arbas-dimanche-12-mai-2019","status":"publish","type":"post","link":"http:\/\/www.nature-comminges.asso.fr\/index.php\/mai-2019-foire-bio-a-arbas-dimanche-12-mai-2019\/","title":{"rendered":"Mai 2019 &nbsp; Foire Bio \u00e0 Arbas le dimanche 12 mai 2019"},"content":{"rendered":"<p><span style=\"font-size: large;\">L&#8217;association tenait un stand \u00e0 la foire bio \u00e0 Arbas le dimanche 12 mai . Apr\u00e8s plus de 10 ans d&#8217;existence, la foire est devenue incontournable dans le Comminges. R\u00e9sum\u00e9 ci-dessous. <\/span><!--more--><\/p>\n<p><span style=\"font-size: large;\">\u00a0<br class=' sb-br' \/> <br class=' sb-br' \/> Le stand a re\u00e7u de nombreux visiteurs.<\/span><\/p>\n<p><span style=\"font-size: large;\">De nombreuses signatures se sont ajout\u00e9es \u00e0 la p\u00e9tition sur les dangers du glyphosate, et de nombreuses personnes inform\u00e9es des probl\u00e8mes de d\u00eachets de mati\u00e8res plastiques aux abords de la Garonne et dans les foss\u00e9s, notamment de l&#8217;agglom\u00e9ration Saint gaudinoise. <br class=' sb-br' \/>\u00a0<\/span><\/p>\n<p><span style=\"font-size: large;\">Rencontre avec Mrs Arcangeli et Auban, maire de Eup, avec qui a \u00e9t\u00e9 abord\u00e9e la question sur la mort de Melba. <br class=' sb-br' \/>\u00a0<\/span><\/p>\n<p><span style=\"font-size: large;\"><a href=\"http:\/\/www.nature-comminges.asso.fr\/index.php\/category\/nosexpositions\/\" target=\"_blank\" rel=\"noopener noreferrer\">L&#8217;exposition rapaces<\/a> a eu beaucoup de succ\u00e8s. <\/span><\/p>\n<p><span style=\"font-size: large;\">Merci \u00e0 Fran\u00e7oise, Florentin et Eric pour leur aide. <br class=' sb-br' \/>\u00a0<\/span><\/p>\n<p><a href=\"http:\/\/www.nature-comminges.asso.fr\/wp-content\/uploads\/2019\/05\/Argos-2019-4.jpg\" rel=\"lightbox[4074]\"><img loading=\"lazy\" class=\"alignnone size-full wp-image-4078\" src=\"http:\/\/www.nature-comminges.asso.fr\/wp-content\/uploads\/2019\/05\/Argos-2019-4.jpg\" alt=\"\" width=\"1000\" height=\"667\" srcset=\"http:\/\/www.nature-comminges.asso.fr\/wp-content\/uploads\/2019\/05\/Argos-2019-4.jpg 1000w, http:\/\/www.nature-comminges.asso.fr\/wp-content\/uploads\/2019\/05\/Argos-2019-4-300x200.jpg 300w, http:\/\/www.nature-comminges.asso.fr\/wp-content\/uploads\/2019\/05\/Argos-2019-4-768x512.jpg 768w, http:\/\/www.nature-comminges.asso.fr\/wp-content\/uploads\/2019\/05\/Argos-2019-4-624x416.jpg 624w\" sizes=\"(max-width: 1000px) 100vw, 1000px\" \/><\/a> <a href=\"http:\/\/www.nature-comminges.asso.fr\/wp-content\/uploads\/2019\/05\/Argos-2019-3.jpg\" rel=\"lightbox[4074]\"><img loading=\"lazy\" class=\"alignnone size-full wp-image-4079\" src=\"http:\/\/www.nature-comminges.asso.fr\/wp-content\/uploads\/2019\/05\/Argos-2019-3.jpg\" alt=\"\" width=\"1000\" height=\"750\" srcset=\"http:\/\/www.nature-comminges.asso.fr\/wp-content\/uploads\/2019\/05\/Argos-2019-3.jpg 1000w, http:\/\/www.nature-comminges.asso.fr\/wp-content\/uploads\/2019\/05\/Argos-2019-3-300x225.jpg 300w, http:\/\/www.nature-comminges.asso.fr\/wp-content\/uploads\/2019\/05\/Argos-2019-3-768x576.jpg 768w, http:\/\/www.nature-comminges.asso.fr\/wp-content\/uploads\/2019\/05\/Argos-2019-3-624x468.jpg 624w\" sizes=\"(max-width: 1000px) 100vw, 1000px\" \/><\/a> <a href=\"http:\/\/www.nature-comminges.asso.fr\/wp-content\/uploads\/2019\/05\/Argos-2019-2.jpg\" rel=\"lightbox[4074]\"><img loading=\"lazy\" class=\"alignnone size-full wp-image-4080\" src=\"http:\/\/www.nature-comminges.asso.fr\/wp-content\/uploads\/2019\/05\/Argos-2019-2.jpg\" alt=\"\" width=\"1000\" height=\"750\" srcset=\"http:\/\/www.nature-comminges.asso.fr\/wp-content\/uploads\/2019\/05\/Argos-2019-2.jpg 1000w, http:\/\/www.nature-comminges.asso.fr\/wp-content\/uploads\/2019\/05\/Argos-2019-2-300x225.jpg 300w, http:\/\/www.nature-comminges.asso.fr\/wp-content\/uploads\/2019\/05\/Argos-2019-2-768x576.jpg 768w, http:\/\/www.nature-comminges.asso.fr\/wp-content\/uploads\/2019\/05\/Argos-2019-2-624x468.jpg 624w\" sizes=\"(max-width: 1000px) 100vw, 1000px\" \/><\/a><\/p>\n","protected":false},"excerpt":{"rendered":"<p>L&#8217;association tenait un stand \u00e0 la foire bio \u00e0 Arbas le dimanche 12 mai . Apr\u00e8s plus de 10 ans d&#8217;existence, la foire est devenue incontournable dans le Comminges. R\u00e9sum\u00e9 ci-dessous.<\/p>\n","protected":false},"author":2,"featured_media":4082,"comment_status":"open","ping_status":"open","sticky":false,"template":"","format":"standard","meta":[],"categories":[6],"tags":[],"_links":{"self":[{"href":"http:\/\/www.nature-comminges.asso.fr\/index.php\/wp-json\/wp\/v2\/posts\/4074"}],"collection":[{"href":"http:\/\/www.nature-comminges.asso.fr\/index.php\/wp-json\/wp\/v2\/posts"}],"about":[{"href":"http:\/\/www.nature-comminges.asso.fr\/index.php\/wp-json\/wp\/v2\/types\/post"}],"author":[{"embeddable":true,"href":"http:\/\/www.nature-comminges.asso.fr\/index.php\/wp-json\/wp\/v2\/users\/2"}],"replies":[{"embeddable":true,"href":"http:\/\/www.nature-comminges.asso.fr\/index.php\/wp-json\/wp\/v2\/comments?post=4074"}],"version-history":[{"count":8,"href":"http:\/\/www.nature-comminges.asso.fr\/index.php\/wp-json\/wp\/v2\/posts\/4074\/revisions"}],"predecessor-version":[{"id":4088,"href":"http:\/\/www.nature-comminges.asso.fr\/index.php\/wp-json\/wp\/v2\/posts\/4074\/revisions\/4088"}],"wp:featuredmedia":[{"embeddable":true,"href":"http:\/\/www.nature-comminges.asso.fr\/index.php\/wp-json\/wp\/v2\/media\/4082"}],"wp:attachment":[{"href":"http:\/\/www.nature-comminges.asso.fr\/index.php\/wp-json\/wp\/v2\/media?parent=4074"}],"wp:term":[{"taxonomy":"category","embeddable":true,"href":"http:\/\/www.nature-comminges.asso.fr\/index.php\/wp-json\/wp\/v2\/categories?post=4074"},{"taxonomy":"post_tag","embeddable":true,"href":"http:\/\/www.nature-comminges.asso.fr\/index.php\/wp-json\/wp\/v2\/tags?post=4074"}],"curies":[{"name":"wp","href":"https:\/\/api.w.org\/{rel}","templated":true}]}}