{"id":4067,"date":"2019-05-19T17:40:52","date_gmt":"2019-05-19T16:40:52","guid":{"rendered":"http:\/\/www.nature-comminges.asso.fr\/?p=4067"},"modified":"2019-05-19T17:40:52","modified_gmt":"2019-05-19T16:40:52","slug":"mai-2019-exposition-de-photographies-jazz-anc","status":"publish","type":"post","link":"http:\/\/www.nature-comminges.asso.fr\/index.php\/mai-2019-exposition-de-photographies-jazz-anc\/","title":{"rendered":"Mai 2019 &nbsp; Exposition de photographies Jazz et ANC"},"content":{"rendered":"<p><span style=\"font-size: large;\">Jeudi 16 mai a eu lieu le vernissage de l\u2019exposition \u00ab Nature et jazz au f\u00e9minin en Comminges \u00bb, exposition \u00e0 laquelle 6 photographes de l\u2019Association Nature Comminges ont particip\u00e9 en fournissant leurs plus belles photos de nature.<\/span><!--more--><\/p>\n<p><span style=\"font-size: large;\">\u00a0<br class=' sb-br' \/> \u00a0<br class=' sb-br' \/> Chacune de leurs photos \u00e9tant associ\u00e9e \u00e0 une photo des divas du Jazz d\u00e9j\u00e0 venues \u00e0 un des festivals \u00ab Jazz en Comminges \u00bb.<\/span><\/p>\n<p><a name=\"_GoBack\"><\/a> <br class=' sb-br' \/>\u00a0<span style=\"font-size: large;\">L\u2019exposition est visible \u00e0 l\u2019office du tourisme de Saint Gaudens, au 1<sup>er<\/sup> \u00e9tage, jusqu\u2019au 27 juin.<\/span><\/p>\n<p><br class=' sb-br' \/> <a href=\"http:\/\/www.nature-comminges.asso.fr\/wp-content\/uploads\/2019\/05\/Expo-Jazz-ANC.jpg\" rel=\"lightbox[4067]\"><img loading=\"lazy\" class=\"alignnone size-full wp-image-4071\" src=\"http:\/\/www.nature-comminges.asso.fr\/wp-content\/uploads\/2019\/05\/Expo-Jazz-ANC.jpg\" alt=\"\" width=\"1000\" height=\"667\" srcset=\"http:\/\/www.nature-comminges.asso.fr\/wp-content\/uploads\/2019\/05\/Expo-Jazz-ANC.jpg 1000w, http:\/\/www.nature-comminges.asso.fr\/wp-content\/uploads\/2019\/05\/Expo-Jazz-ANC-300x200.jpg 300w, http:\/\/www.nature-comminges.asso.fr\/wp-content\/uploads\/2019\/05\/Expo-Jazz-ANC-768x512.jpg 768w, http:\/\/www.nature-comminges.asso.fr\/wp-content\/uploads\/2019\/05\/Expo-Jazz-ANC-624x416.jpg 624w\" sizes=\"(max-width: 1000px) 100vw, 1000px\" \/><\/a> <a href=\"http:\/\/www.nature-comminges.asso.fr\/wp-content\/uploads\/2019\/05\/Expo-OT-2019.jpg\" rel=\"lightbox[4067]\"><img loading=\"lazy\" class=\"alignnone size-full wp-image-4072\" src=\"http:\/\/www.nature-comminges.asso.fr\/wp-content\/uploads\/2019\/05\/Expo-OT-2019.jpg\" alt=\"\" width=\"1000\" height=\"708\" srcset=\"http:\/\/www.nature-comminges.asso.fr\/wp-content\/uploads\/2019\/05\/Expo-OT-2019.jpg 1000w, http:\/\/www.nature-comminges.asso.fr\/wp-content\/uploads\/2019\/05\/Expo-OT-2019-300x212.jpg 300w, http:\/\/www.nature-comminges.asso.fr\/wp-content\/uploads\/2019\/05\/Expo-OT-2019-768x544.jpg 768w, http:\/\/www.nature-comminges.asso.fr\/wp-content\/uploads\/2019\/05\/Expo-OT-2019-624x442.jpg 624w\" sizes=\"(max-width: 1000px) 100vw, 1000px\" \/><\/a><\/p>\n","protected":false},"excerpt":{"rendered":"<p>Jeudi 16 mai a eu lieu le vernissage de l\u2019exposition \u00ab Nature et jazz au f\u00e9minin en Comminges \u00bb, exposition \u00e0 laquelle 6 photographes de l\u2019Association Nature Comminges ont particip\u00e9 en fournissant leurs plus belles photos de nature.<\/p>\n","protected":false},"author":2,"featured_media":4069,"comment_status":"open","ping_status":"open","sticky":false,"template":"","format":"standard","meta":[],"categories":[6],"tags":[],"_links":{"self":[{"href":"http:\/\/www.nature-comminges.asso.fr\/index.php\/wp-json\/wp\/v2\/posts\/4067"}],"collection":[{"href":"http:\/\/www.nature-comminges.asso.fr\/index.php\/wp-json\/wp\/v2\/posts"}],"about":[{"href":"http:\/\/www.nature-comminges.asso.fr\/index.php\/wp-json\/wp\/v2\/types\/post"}],"author":[{"embeddable":true,"href":"http:\/\/www.nature-comminges.asso.fr\/index.php\/wp-json\/wp\/v2\/users\/2"}],"replies":[{"embeddable":true,"href":"http:\/\/www.nature-comminges.asso.fr\/index.php\/wp-json\/wp\/v2\/comments?post=4067"}],"version-history":[{"count":3,"href":"http:\/\/www.nature-comminges.asso.fr\/index.php\/wp-json\/wp\/v2\/posts\/4067\/revisions"}],"predecessor-version":[{"id":4073,"href":"http:\/\/www.nature-comminges.asso.fr\/index.php\/wp-json\/wp\/v2\/posts\/4067\/revisions\/4073"}],"wp:featuredmedia":[{"embeddable":true,"href":"http:\/\/www.nature-comminges.asso.fr\/index.php\/wp-json\/wp\/v2\/media\/4069"}],"wp:attachment":[{"href":"http:\/\/www.nature-comminges.asso.fr\/index.php\/wp-json\/wp\/v2\/media?parent=4067"}],"wp:term":[{"taxonomy":"category","embeddable":true,"href":"http:\/\/www.nature-comminges.asso.fr\/index.php\/wp-json\/wp\/v2\/categories?post=4067"},{"taxonomy":"post_tag","embeddable":true,"href":"http:\/\/www.nature-comminges.asso.fr\/index.php\/wp-json\/wp\/v2\/tags?post=4067"}],"curies":[{"name":"wp","href":"https:\/\/api.w.org\/{rel}","templated":true}]}}