{"id":4049,"date":"2019-05-02T14:04:40","date_gmt":"2019-05-02T13:04:40","guid":{"rendered":"http:\/\/www.nature-comminges.asso.fr\/?p=4049"},"modified":"2019-05-09T10:55:59","modified_gmt":"2019-05-09T09:55:59","slug":"avril-2019-sortie-nature-vieille-foret-a-tilhouse","status":"publish","type":"post","link":"http:\/\/www.nature-comminges.asso.fr\/index.php\/avril-2019-sortie-nature-vieille-foret-a-tilhouse\/","title":{"rendered":"Avril 2019&nbsp; Sortie nature en vieille for\u00eat \u00e0 Tilhouse"},"content":{"rendered":"<p style=\"text-align: justify;\"><span style=\"font-size: large;\">Une vingtaine de personnes a particip\u00e9 \u00e0 cette sortie nature co-anim\u00e9e par Sophie Maill\u00e9 (Nature en Occitanie), Philippe Falbet (Nature Comminges) et Xavier De Muyser (Association ARBRES).<\/span><!--more--><\/p>\n<p style=\"text-align: justify;\"><span style=\"font-size: large;\">\u00a0<br class=' sb-br' \/> <br class=' sb-br' \/> La for\u00eat visit\u00e9e, ancienne et mature, est \u00e0 seulement 600 m\u00e8tres d&#8217;altitude, et \u00e0 quelques centaines de m\u00e8tres du village de Tilhouse (65).<\/span><\/p>\n<p style=\"text-align: justify;\"><span style=\"font-size: large;\">Apr\u00e8s une matin\u00e9e d\u00e9di\u00e9e \u00e0 la biologie de l\u2019arbre, une simulation d\u2019inventaire de vieille for\u00eat a \u00e9t\u00e9 r\u00e9alis\u00e9e dans l&#8217;apr\u00e8s-midi. <br class=' sb-br' \/>\u00a0<\/span><\/p>\n<p style=\"text-align: justify;\"><span style=\"font-size: large;\">Merci \u00e0 Julie pour avoir fait le compte rendu (tr\u00e8s enjou\u00e9!) de la journ\u00e9e consultable <strong><a href=\"http:\/\/www.nature-comminges.asso.fr\/wp-content\/uploads\/2019\/05\/Compte_rendu_sortie_vieilles-forets_27.04.2019_Ok.pdf\" target=\"_blank\" rel=\"noopener noreferrer\">en cliquant ici<\/a><\/strong>.<br \/>\n<\/span><\/p>\n<p style=\"text-align: justify;\"><span style=\"font-size: large;\">\u00a0<br class=' sb-br' \/> Une journ\u00e9e r\u00e9ussie de l\u2019avis de tous et toutes\u00a0!\u00a0 <br class=' sb-br' \/>\u00a0<\/span><\/p>\n<p align=\"justify\"><span style=\"font-size: large;\">Quelques images ci-apr\u00e8s de la sortie et de la for\u00eat visit\u00e9e. <br class=' sb-br' \/>\u00a0<a href=\"http:\/\/www.nature-comminges.asso.fr\/wp-content\/uploads\/2019\/05\/DSC07521.jpg\" rel=\"lightbox[4049]\"><img loading=\"lazy\" class=\"aligncenter wp-image-4051 size-full\" src=\"http:\/\/www.nature-comminges.asso.fr\/wp-content\/uploads\/2019\/05\/DSC07521.jpg\" alt=\"\" width=\"1500\" height=\"844\" srcset=\"http:\/\/www.nature-comminges.asso.fr\/wp-content\/uploads\/2019\/05\/DSC07521.jpg 1500w, http:\/\/www.nature-comminges.asso.fr\/wp-content\/uploads\/2019\/05\/DSC07521-300x169.jpg 300w, http:\/\/www.nature-comminges.asso.fr\/wp-content\/uploads\/2019\/05\/DSC07521-768x432.jpg 768w, http:\/\/www.nature-comminges.asso.fr\/wp-content\/uploads\/2019\/05\/DSC07521-1024x576.jpg 1024w, http:\/\/www.nature-comminges.asso.fr\/wp-content\/uploads\/2019\/05\/DSC07521-624x351.jpg 624w\" sizes=\"(max-width: 1500px) 100vw, 1500px\" \/><\/a><\/span><\/p>\n<p align=\"justify\"><span style=\"font-size: large;\">\u00a0<br class=' sb-br' \/> A noter que de nombreux marquages sur les arbres laissent pr\u00e9voir une future coupe, qui d\u00e9structurerait le peuplement, arriv\u00e9 en fin de cycle biologique naturel (stade terminal, avec de tr\u00e8s gros arbres et de tr\u00e8s gros bois vivants au sol et sur pied).<\/span><\/p>\n<p align=\"justify\"><span style=\"font-size: large;\">De ce fait, Sophie va contacter le propri\u00e9taire pour le sensibiliser sur l\u2019int\u00e9r\u00eat biologique du peuplement en place. <br class=' sb-br' \/>\u00a0<\/span><\/p>\n<p align=\"justify\"><a href=\"http:\/\/www.nature-comminges.asso.fr\/wp-content\/uploads\/2019\/05\/DSC06022.jpg\" rel=\"lightbox[4049]\"><img loading=\"lazy\" class=\"aligncenter wp-image-4052 size-full\" src=\"http:\/\/www.nature-comminges.asso.fr\/wp-content\/uploads\/2019\/05\/DSC06022.jpg\" alt=\"\" width=\"999\" height=\"562\" srcset=\"http:\/\/www.nature-comminges.asso.fr\/wp-content\/uploads\/2019\/05\/DSC06022.jpg 999w, http:\/\/www.nature-comminges.asso.fr\/wp-content\/uploads\/2019\/05\/DSC06022-300x169.jpg 300w, http:\/\/www.nature-comminges.asso.fr\/wp-content\/uploads\/2019\/05\/DSC06022-768x432.jpg 768w, http:\/\/www.nature-comminges.asso.fr\/wp-content\/uploads\/2019\/05\/DSC06022-624x351.jpg 624w\" sizes=\"(max-width: 999px) 100vw, 999px\" \/><\/a><\/p>\n<p align=\"justify\"><span style=\"font-size: large;\">\u00a0 <br class=' sb-br' \/>\u00a0 <br class=' sb-br' \/>\u00a0<\/span><\/p>\n","protected":false},"excerpt":{"rendered":"<p>Une vingtaine de personnes a particip\u00e9 \u00e0 cette sortie nature co-anim\u00e9e par Sophie Maill\u00e9 (Nature en Occitanie), Philippe Falbet (Nature Comminges) et Xavier De Muyser (Association ARBRES).<\/p>\n","protected":false},"author":2,"featured_media":4050,"comment_status":"open","ping_status":"open","sticky":false,"template":"","format":"standard","meta":[],"categories":[6],"tags":[],"_links":{"self":[{"href":"http:\/\/www.nature-comminges.asso.fr\/index.php\/wp-json\/wp\/v2\/posts\/4049"}],"collection":[{"href":"http:\/\/www.nature-comminges.asso.fr\/index.php\/wp-json\/wp\/v2\/posts"}],"about":[{"href":"http:\/\/www.nature-comminges.asso.fr\/index.php\/wp-json\/wp\/v2\/types\/post"}],"author":[{"embeddable":true,"href":"http:\/\/www.nature-comminges.asso.fr\/index.php\/wp-json\/wp\/v2\/users\/2"}],"replies":[{"embeddable":true,"href":"http:\/\/www.nature-comminges.asso.fr\/index.php\/wp-json\/wp\/v2\/comments?post=4049"}],"version-history":[{"count":7,"href":"http:\/\/www.nature-comminges.asso.fr\/index.php\/wp-json\/wp\/v2\/posts\/4049\/revisions"}],"predecessor-version":[{"id":4061,"href":"http:\/\/www.nature-comminges.asso.fr\/index.php\/wp-json\/wp\/v2\/posts\/4049\/revisions\/4061"}],"wp:featuredmedia":[{"embeddable":true,"href":"http:\/\/www.nature-comminges.asso.fr\/index.php\/wp-json\/wp\/v2\/media\/4050"}],"wp:attachment":[{"href":"http:\/\/www.nature-comminges.asso.fr\/index.php\/wp-json\/wp\/v2\/media?parent=4049"}],"wp:term":[{"taxonomy":"category","embeddable":true,"href":"http:\/\/www.nature-comminges.asso.fr\/index.php\/wp-json\/wp\/v2\/categories?post=4049"},{"taxonomy":"post_tag","embeddable":true,"href":"http:\/\/www.nature-comminges.asso.fr\/index.php\/wp-json\/wp\/v2\/tags?post=4049"}],"curies":[{"name":"wp","href":"https:\/\/api.w.org\/{rel}","templated":true}]}}