{"id":4037,"date":"2019-04-30T09:15:27","date_gmt":"2019-04-30T08:15:27","guid":{"rendered":"http:\/\/www.nature-comminges.asso.fr\/?p=4037"},"modified":"2019-04-30T09:17:58","modified_gmt":"2019-04-30T08:17:58","slug":"avril-juin-2019-appel-a-benevoles-quelques-journees-vf-pyreneenne","status":"publish","type":"post","link":"http:\/\/www.nature-comminges.asso.fr\/index.php\/avril-juin-2019-appel-a-benevoles-quelques-journees-vf-pyreneenne\/","title":{"rendered":"Avril-Juin 2019 &nbsp; Appel \u00e0 b\u00e9n\u00e9voles pour \u00e9tude en VF pyr\u00e9n\u00e9enne"},"content":{"rendered":"<p style=\"text-align: justify;\"><span style=\"font-size: large;\">Nature Comminges a command\u00e9 r\u00e9cemment une \u00e9tude \u00e0 l&#8217;INRA de Villenave d&#8217;Ornon (33) gr\u00e2ce \u00e0 un financement spontan\u00e9 de la DREAL Occitanie. Ce stage de 6 mois est pilot\u00e9 par Denis Loustau (sp\u00e9cialiste des sols \u00e0 l&#8217;INRA).<\/span><!--more--><\/p>\n<p style=\"text-align: justify;\"><span style=\"font-size: large;\">\u00a0<br class=' sb-br' \/> <br class=' sb-br' \/> Il est r\u00e9alis\u00e9 depuis d\u00e9but Mars par Soisick Figueres (ENSAT, 3\u00e8me ann\u00e9e d&#8217;ing\u00e9nieurs) <\/span><\/p>\n<p style=\"text-align: justify;\"><span style=\"font-size: large;\">Il a entre autres buts l&#8217;ambition de pr\u00e9senter une \u00e9tude comparative de la s\u00e9questration carbone dans la biomasse et les sols forestiers entre une for\u00eat de montagne exploit\u00e9e et une vieille for\u00eat pyr\u00e9n\u00e9enne en libre \u00e9volution. <\/span><\/p>\n<p style=\"text-align: justify;\"><span style=\"font-size: large;\">Suite aux pr\u00e9l\u00e8vements de sols \u00e0 r\u00e9aliser, des mod\u00e8les num\u00e9riques vont tourner, en pr\u00e9voyant pour chaque for\u00eat, l&#8217;\u00e9volution du stock de carbone selon la gestion envisag\u00e9e dans le futur (mise en \u00e9volution naturelle, ou gestion et laquelle). <br class=' sb-br' \/>\u00a0<\/span><\/p>\n<p style=\"text-align: justify;\"><span style=\"font-size: large;\">L&#8217;\u00e9tude se concentre sur 3 types de for\u00eats, toutes dans le Comminges. <br class=' sb-br' \/>\u00a0<\/span><\/p>\n<p style=\"text-align: justify;\"><a href=\"http:\/\/www.nature-comminges.asso.fr\/wp-content\/uploads\/2019\/04\/DSC07303.jpg\" rel=\"lightbox[4037]\"><img loading=\"lazy\" class=\"alignnone wp-image-4042 size-full\" src=\"http:\/\/www.nature-comminges.asso.fr\/wp-content\/uploads\/2019\/04\/DSC07303.jpg\" alt=\"\" width=\"1500\" height=\"844\" srcset=\"http:\/\/www.nature-comminges.asso.fr\/wp-content\/uploads\/2019\/04\/DSC07303.jpg 1500w, http:\/\/www.nature-comminges.asso.fr\/wp-content\/uploads\/2019\/04\/DSC07303-300x169.jpg 300w, http:\/\/www.nature-comminges.asso.fr\/wp-content\/uploads\/2019\/04\/DSC07303-768x432.jpg 768w, http:\/\/www.nature-comminges.asso.fr\/wp-content\/uploads\/2019\/04\/DSC07303-1024x576.jpg 1024w, http:\/\/www.nature-comminges.asso.fr\/wp-content\/uploads\/2019\/04\/DSC07303-624x351.jpg 624w\" sizes=\"(max-width: 1500px) 100vw, 1500px\" \/><\/a><\/p>\n<p style=\"text-align: justify;\"><span style=\"font-size: large;\">\u00a0<br class=' sb-br' \/> Cette \u00e9tude pourrait \u00eatre le support d&#8217;une prise en compte de la s\u00e9questration du carbone dans les for\u00eats matures dans les massifs et projets dans les Pyr\u00e9n\u00e9es, en Occitanie, en France et ailleurs en milieu temp\u00e9r\u00e9, elle sera r\u00e9dig\u00e9e en anglais avec un r\u00e9sum\u00e9 en Fran\u00e7ais, et pourrait faire l&#8217;objet d&#8217;une publication. Il y a tr\u00e8s peu de r\u00e9f\u00e9rence dans le monde de ce type d&#8217;\u00e9tude en milieu temp\u00e9r\u00e9 &#8230; et encore moins en France !<\/span><\/p>\n<p style=\"text-align: justify;\"><span style=\"font-size: large;\">L&#8217;enjeu est donc \u00e9norme pour les vieilles for\u00eats des Pyr\u00e9n\u00e9es et d&#8217;ailleurs. <br class=' sb-br' \/>\u00a0<\/span><\/p>\n<p style=\"text-align: justify;\"><span style=\"font-size: large;\">Courant avril, nous avons r\u00e9alis\u00e9 3 jours de rep\u00e9rages et premiers pr\u00e9l\u00e8vements en for\u00eat avec Denis Loustau et la stagiaire. <\/span><\/p>\n<p style=\"text-align: justify;\"><span style=\"font-size: large;\">Les conditions ne sont pas forc\u00e9ment tr\u00e8s faciles, il faut partir avec une pioche et une pelle sur le dos, des tari\u00e8res pour creuser, des sacs vides \u00e0 redescendre pleins ! Les acc\u00e8s sont de 5 minutes de marche \u00e0 une grosse demi heure \u00e0 pied (car nous avons acc\u00e8s aux routes foresti\u00e8res). Il y a 6 placettes dans 6 for\u00eats diff\u00e9rentes. <br class=' sb-br' \/>\u00a0<\/span><\/p>\n<p style=\"text-align: justify;\"><a href=\"http:\/\/www.nature-comminges.asso.fr\/wp-content\/uploads\/2019\/04\/DSC07449-BURAT-P-BAS-EN-VF.jpg\" rel=\"lightbox[4037]\"><img loading=\"lazy\" class=\"alignnone size-full wp-image-4043\" src=\"http:\/\/www.nature-comminges.asso.fr\/wp-content\/uploads\/2019\/04\/DSC07449-BURAT-P-BAS-EN-VF.jpg\" alt=\"\" width=\"1500\" height=\"844\" srcset=\"http:\/\/www.nature-comminges.asso.fr\/wp-content\/uploads\/2019\/04\/DSC07449-BURAT-P-BAS-EN-VF.jpg 1500w, http:\/\/www.nature-comminges.asso.fr\/wp-content\/uploads\/2019\/04\/DSC07449-BURAT-P-BAS-EN-VF-300x169.jpg 300w, http:\/\/www.nature-comminges.asso.fr\/wp-content\/uploads\/2019\/04\/DSC07449-BURAT-P-BAS-EN-VF-768x432.jpg 768w, http:\/\/www.nature-comminges.asso.fr\/wp-content\/uploads\/2019\/04\/DSC07449-BURAT-P-BAS-EN-VF-1024x576.jpg 1024w, http:\/\/www.nature-comminges.asso.fr\/wp-content\/uploads\/2019\/04\/DSC07449-BURAT-P-BAS-EN-VF-624x351.jpg 624w\" sizes=\"(max-width: 1500px) 100vw, 1500px\" \/><\/a><\/p>\n<p style=\"text-align: justify;\"><strong><span style=\"font-size: large;\">\u00a0<br class=' sb-br' \/> Nous recherchons des b\u00e9n\u00e9voles pour nous aider<\/span><\/strong><span style=\"font-size: large;\"> \u00e0 faire des pr\u00e9l\u00e8vements et \u00e0 transporter le mat\u00e9riel <\/span><span style=\"font-size: large;\">du 20 au 23 Mai puis du 27 au 29 Mai.<\/span><\/p>\n<p style=\"text-align: justify;\"><span style=\"font-size: large;\">Vous pouvez venir 1-2 jours ou plus, c&#8217;est au choix, toute aide est la bienvenue ! <br class=' sb-br' \/>\u00a0<\/span><\/p>\n<p style=\"text-align: justify;\"><strong><span style=\"font-size: large;\">Il est imp\u00e9ratif d&#8217;\u00eatre en bonne condition physique<\/span><\/strong><span style=\"font-size: large;\">, ne pas avoir peur des pentes \u00e0 60% (sachant que 100% = 45 degr\u00e9s), ne pas avoir peur de porter 15 kgs dans un sac (surtout en descente, de la terre foresti\u00e8re, voir photo !). Si \u00e7a vous va &#8230;.. alors c&#8217;est l&#8217;occasion de participer \u00e0 une \u00e9tude hyper int\u00e9ressante qui nous l&#8217;esp\u00e9rons fera date. <br class=' sb-br' \/>\u00a0<\/span><\/p>\n<p style=\"text-align: justify;\"><strong><span style=\"font-size: large;\">Les missions seront les suivantes : <br class=' sb-br' \/>\u00a0<\/span><\/strong><\/p>\n<p style=\"text-align: justify;\"><span style=\"font-size: large;\">&#8211; participation \u00e0 l&#8217;estimation du volume sur pied des parcelles choisies (prise de diam\u00e8tre des arbres sur pied)<\/span><\/p>\n<p style=\"text-align: justify;\"><span style=\"font-size: large;\">&#8211; collecte de placettes de 20&#215;20 centim\u00e8tres d&#8217;humus sur 15 cms de profondeur dans des sacs plastique<\/span><\/p>\n<p style=\"text-align: justify;\"><span style=\"font-size: large;\">&#8211; collecte de terre sortie \u00e0 la tari\u00e8re<\/span><\/p>\n<p style=\"text-align: justify;\"><span style=\"font-size: large;\">&#8211; creuser en se rempla\u00e7ant pour faire des &#8220;fosses&#8221; pour avoir les profils de sol (voir photo) <br class=' sb-br' \/>\u00a0 <br class=' sb-br' \/>\u00a0<\/span><\/p>\n<div id=\"attachment_4041\" style=\"width: 1510px\" class=\"wp-caption alignnone\"><a href=\"http:\/\/www.nature-comminges.asso.fr\/wp-content\/uploads\/2019\/04\/PROFIL-DE-SOL.jpg\" rel=\"lightbox[4037]\"><img aria-describedby=\"caption-attachment-4041\" loading=\"lazy\" class=\"wp-image-4041 size-full\" src=\"http:\/\/www.nature-comminges.asso.fr\/wp-content\/uploads\/2019\/04\/PROFIL-DE-SOL.jpg\" alt=\"\" width=\"1500\" height=\"844\" srcset=\"http:\/\/www.nature-comminges.asso.fr\/wp-content\/uploads\/2019\/04\/PROFIL-DE-SOL.jpg 1500w, http:\/\/www.nature-comminges.asso.fr\/wp-content\/uploads\/2019\/04\/PROFIL-DE-SOL-300x169.jpg 300w, http:\/\/www.nature-comminges.asso.fr\/wp-content\/uploads\/2019\/04\/PROFIL-DE-SOL-768x432.jpg 768w, http:\/\/www.nature-comminges.asso.fr\/wp-content\/uploads\/2019\/04\/PROFIL-DE-SOL-1024x576.jpg 1024w, http:\/\/www.nature-comminges.asso.fr\/wp-content\/uploads\/2019\/04\/PROFIL-DE-SOL-624x351.jpg 624w\" sizes=\"(max-width: 1500px) 100vw, 1500px\" \/><\/a><p id=\"caption-attachment-4041\" class=\"wp-caption-text\">Profil de sol<\/p><\/div>\n","protected":false},"excerpt":{"rendered":"<p>Nature Comminges a command\u00e9 r\u00e9cemment une \u00e9tude \u00e0 l&#8217;INRA de Villenave d&#8217;Ornon (33) gr\u00e2ce \u00e0 un financement spontan\u00e9 de la DREAL Occitanie. Ce stage de 6 mois est pilot\u00e9 par Denis Loustau (sp\u00e9cialiste des sols \u00e0 l&#8217;INRA).<\/p>\n","protected":false},"author":2,"featured_media":4048,"comment_status":"open","ping_status":"open","sticky":false,"template":"","format":"standard","meta":[],"categories":[6],"tags":[],"_links":{"self":[{"href":"http:\/\/www.nature-comminges.asso.fr\/index.php\/wp-json\/wp\/v2\/posts\/4037"}],"collection":[{"href":"http:\/\/www.nature-comminges.asso.fr\/index.php\/wp-json\/wp\/v2\/posts"}],"about":[{"href":"http:\/\/www.nature-comminges.asso.fr\/index.php\/wp-json\/wp\/v2\/types\/post"}],"author":[{"embeddable":true,"href":"http:\/\/www.nature-comminges.asso.fr\/index.php\/wp-json\/wp\/v2\/users\/2"}],"replies":[{"embeddable":true,"href":"http:\/\/www.nature-comminges.asso.fr\/index.php\/wp-json\/wp\/v2\/comments?post=4037"}],"version-history":[{"count":6,"href":"http:\/\/www.nature-comminges.asso.fr\/index.php\/wp-json\/wp\/v2\/posts\/4037\/revisions"}],"predecessor-version":[{"id":4046,"href":"http:\/\/www.nature-comminges.asso.fr\/index.php\/wp-json\/wp\/v2\/posts\/4037\/revisions\/4046"}],"wp:featuredmedia":[{"embeddable":true,"href":"http:\/\/www.nature-comminges.asso.fr\/index.php\/wp-json\/wp\/v2\/media\/4048"}],"wp:attachment":[{"href":"http:\/\/www.nature-comminges.asso.fr\/index.php\/wp-json\/wp\/v2\/media?parent=4037"}],"wp:term":[{"taxonomy":"category","embeddable":true,"href":"http:\/\/www.nature-comminges.asso.fr\/index.php\/wp-json\/wp\/v2\/categories?post=4037"},{"taxonomy":"post_tag","embeddable":true,"href":"http:\/\/www.nature-comminges.asso.fr\/index.php\/wp-json\/wp\/v2\/tags?post=4037"}],"curies":[{"name":"wp","href":"https:\/\/api.w.org\/{rel}","templated":true}]}}