{"id":3987,"date":"2019-02-21T18:10:13","date_gmt":"2019-02-21T17:10:13","guid":{"rendered":"http:\/\/www.nature-comminges.asso.fr\/?p=3987"},"modified":"2019-02-21T18:19:22","modified_gmt":"2019-02-21T17:19:22","slug":"fevrier-2019-consultation-publique-prfb-occitanie","status":"publish","type":"post","link":"http:\/\/www.nature-comminges.asso.fr\/index.php\/fevrier-2019-consultation-publique-prfb-occitanie\/","title":{"rendered":"F\u00e9vrier 2019 &nbsp; Consultation publique du PRFB Occitanie"},"content":{"rendered":"<p style=\"text-align: justify;\"><span style=\"font-size: large;\">Le projet de Programme R\u00e9gional de la For\u00eat et du Bois pour la r\u00e9gion Occitanie est soumis \u00e0 l&#8217;avis du public du 30 Janvier au 1er Mars 2019 inclus.<\/span><\/p>\n<p style=\"text-align: justify;\"><span style=\"font-size: large;\">C&#8217;est un document cadre incontournable : il fixe les orientations foresti\u00e8res des 10 ann\u00e9es \u00e0 venir (2019-2029) et a une port\u00e9e r\u00e9glementaire.<\/span><!--more--><\/p>\n<p style=\"text-align: justify;\"><span style=\"font-size: large;\">\u00a0<br class=' sb-br' \/> <br class=' sb-br' \/> La f\u00e9d\u00e9ration France Nature Environnement Midi Pyr\u00e9n\u00e9es vous invite \u00e0 d\u00e9couvrir son positionnement, et \u00e0 vous en inspirer afin de construire votre propre argumentaire. <br class=' sb-br' \/>\u00a0<\/span><\/p>\n<p style=\"text-align: justify;\"><span style=\"font-size: large;\">Pour acc\u00e9der au positionnement,<span style=\"color: #0000ff;\"><strong><a style=\"color: #0000ff;\" href=\"https:\/\/fne-midipyrenees.fr\/2019\/02\/18\/plan-regional-pour-la-foret-et-le-bois\/\" target=\"_blank\" rel=\"noopener noreferrer\"> cliquer ici<\/a><\/strong><\/span><\/span><\/p>\n<p style=\"text-align: justify;\"><span style=\"font-size: large;\">\u00a0<br class=' sb-br' \/> Pour acc\u00e9der directement \u00e0 la consultation publique, <span style=\"color: #0000ff;\"><strong><a style=\"color: #0000ff;\" href=\"http:\/\/draaf.occitanie.agriculture.gouv.fr\/Participation-du-public-du-30\" target=\"_blank\" rel=\"noopener noreferrer\">cliquer ici<\/a><\/strong><\/span><\/span><\/p>\n<p style=\"text-align: justify;\"><br class=' sb-br' \/> <br class=' sb-br' \/><\/p>\n","protected":false},"excerpt":{"rendered":"<p>Le projet de Programme R\u00e9gional de la For\u00eat et du Bois pour la r\u00e9gion Occitanie est soumis \u00e0 l&#8217;avis du public du 30 Janvier au 1er Mars 2019 inclus. C&#8217;est un document cadre incontournable : il fixe les orientations foresti\u00e8res des 10 ann\u00e9es \u00e0 venir (2019-2029) et a une port\u00e9e r\u00e9glementaire.<\/p>\n","protected":false},"author":2,"featured_media":3994,"comment_status":"open","ping_status":"open","sticky":false,"template":"","format":"standard","meta":[],"categories":[6],"tags":[],"_links":{"self":[{"href":"http:\/\/www.nature-comminges.asso.fr\/index.php\/wp-json\/wp\/v2\/posts\/3987"}],"collection":[{"href":"http:\/\/www.nature-comminges.asso.fr\/index.php\/wp-json\/wp\/v2\/posts"}],"about":[{"href":"http:\/\/www.nature-comminges.asso.fr\/index.php\/wp-json\/wp\/v2\/types\/post"}],"author":[{"embeddable":true,"href":"http:\/\/www.nature-comminges.asso.fr\/index.php\/wp-json\/wp\/v2\/users\/2"}],"replies":[{"embeddable":true,"href":"http:\/\/www.nature-comminges.asso.fr\/index.php\/wp-json\/wp\/v2\/comments?post=3987"}],"version-history":[{"count":10,"href":"http:\/\/www.nature-comminges.asso.fr\/index.php\/wp-json\/wp\/v2\/posts\/3987\/revisions"}],"predecessor-version":[{"id":3998,"href":"http:\/\/www.nature-comminges.asso.fr\/index.php\/wp-json\/wp\/v2\/posts\/3987\/revisions\/3998"}],"wp:featuredmedia":[{"embeddable":true,"href":"http:\/\/www.nature-comminges.asso.fr\/index.php\/wp-json\/wp\/v2\/media\/3994"}],"wp:attachment":[{"href":"http:\/\/www.nature-comminges.asso.fr\/index.php\/wp-json\/wp\/v2\/media?parent=3987"}],"wp:term":[{"taxonomy":"category","embeddable":true,"href":"http:\/\/www.nature-comminges.asso.fr\/index.php\/wp-json\/wp\/v2\/categories?post=3987"},{"taxonomy":"post_tag","embeddable":true,"href":"http:\/\/www.nature-comminges.asso.fr\/index.php\/wp-json\/wp\/v2\/tags?post=3987"}],"curies":[{"name":"wp","href":"https:\/\/api.w.org\/{rel}","templated":true}]}}