{"id":3765,"date":"2018-05-15T13:08:19","date_gmt":"2018-05-15T12:08:19","guid":{"rendered":"http:\/\/www.nature-comminges.asso.fr\/?p=3765"},"modified":"2018-05-15T13:23:58","modified_gmt":"2018-05-15T12:23:58","slug":"inventaire-de-vieille-foret-article-pertinent","status":"publish","type":"post","link":"http:\/\/www.nature-comminges.asso.fr\/index.php\/inventaire-de-vieille-foret-article-pertinent\/","title":{"rendered":"Mai 2018&nbsp;Inventaire de vieille for\u00eat : un article tr\u00e8s pertinent"},"content":{"rendered":"<p style=\"text-align: justify;\"><span style=\"font-size: large;\">Un inventaire a eu lieu en for\u00eat domaniale de Montreich sur la commune d\u2019Urau, en pr\u00e9sence de plusieurs participants et d\u2019un journaliste de la Gazette du Comminges. Un article riche d\u2019explications a \u00e9t\u00e9 publi\u00e9 (num\u00e9ro 542 du 02 Mai). L&#8217;article en version int\u00e9grale ci-dessous ! <\/span><!--more--><\/p>\n<p style=\"text-align: justify;\"><br class=' sb-br' \/><\/p>\n<p style=\"text-align: justify;\"><span style=\"font-size: large;\"><a href=\"http:\/\/www.nature-comminges.asso.fr\/wp-content\/uploads\/2018\/05\/Gazette_2_mai_VF.jpg\" rel=\"lightbox[3765]\"><img loading=\"lazy\" class=\"alignnone size-full wp-image-3774\" src=\"http:\/\/www.nature-comminges.asso.fr\/wp-content\/uploads\/2018\/05\/Gazette_2_mai_VF.jpg\" alt=\"\" width=\"757\" height=\"1640\" srcset=\"http:\/\/www.nature-comminges.asso.fr\/wp-content\/uploads\/2018\/05\/Gazette_2_mai_VF.jpg 757w, http:\/\/www.nature-comminges.asso.fr\/wp-content\/uploads\/2018\/05\/Gazette_2_mai_VF-138x300.jpg 138w, http:\/\/www.nature-comminges.asso.fr\/wp-content\/uploads\/2018\/05\/Gazette_2_mai_VF-473x1024.jpg 473w, http:\/\/www.nature-comminges.asso.fr\/wp-content\/uploads\/2018\/05\/Gazette_2_mai_VF-624x1352.jpg 624w\" sizes=\"(max-width: 757px) 100vw, 757px\" \/><\/a>\u00a0 <br class=' sb-br' \/>\u00a0<\/span><\/p>\n<p style=\"text-align: justify;\">\n","protected":false},"excerpt":{"rendered":"<p>Un inventaire a eu lieu en for\u00eat domaniale de Montreich sur la commune d\u2019Urau, en pr\u00e9sence de plusieurs participants et d\u2019un journaliste de la Gazette du Comminges. Un article riche d\u2019explications a \u00e9t\u00e9 publi\u00e9 (num\u00e9ro 542 du 02 Mai). L&#8217;article en version int\u00e9grale ci-dessous !<\/p>\n","protected":false},"author":2,"featured_media":3781,"comment_status":"open","ping_status":"open","sticky":false,"template":"","format":"standard","meta":[],"categories":[6],"tags":[],"_links":{"self":[{"href":"http:\/\/www.nature-comminges.asso.fr\/index.php\/wp-json\/wp\/v2\/posts\/3765"}],"collection":[{"href":"http:\/\/www.nature-comminges.asso.fr\/index.php\/wp-json\/wp\/v2\/posts"}],"about":[{"href":"http:\/\/www.nature-comminges.asso.fr\/index.php\/wp-json\/wp\/v2\/types\/post"}],"author":[{"embeddable":true,"href":"http:\/\/www.nature-comminges.asso.fr\/index.php\/wp-json\/wp\/v2\/users\/2"}],"replies":[{"embeddable":true,"href":"http:\/\/www.nature-comminges.asso.fr\/index.php\/wp-json\/wp\/v2\/comments?post=3765"}],"version-history":[{"count":16,"href":"http:\/\/www.nature-comminges.asso.fr\/index.php\/wp-json\/wp\/v2\/posts\/3765\/revisions"}],"predecessor-version":[{"id":3785,"href":"http:\/\/www.nature-comminges.asso.fr\/index.php\/wp-json\/wp\/v2\/posts\/3765\/revisions\/3785"}],"wp:featuredmedia":[{"embeddable":true,"href":"http:\/\/www.nature-comminges.asso.fr\/index.php\/wp-json\/wp\/v2\/media\/3781"}],"wp:attachment":[{"href":"http:\/\/www.nature-comminges.asso.fr\/index.php\/wp-json\/wp\/v2\/media?parent=3765"}],"wp:term":[{"taxonomy":"category","embeddable":true,"href":"http:\/\/www.nature-comminges.asso.fr\/index.php\/wp-json\/wp\/v2\/categories?post=3765"},{"taxonomy":"post_tag","embeddable":true,"href":"http:\/\/www.nature-comminges.asso.fr\/index.php\/wp-json\/wp\/v2\/tags?post=3765"}],"curies":[{"name":"wp","href":"https:\/\/api.w.org\/{rel}","templated":true}]}}