{"id":3646,"date":"2018-03-28T15:50:41","date_gmt":"2018-03-28T14:50:41","guid":{"rendered":"http:\/\/www.nature-comminges.asso.fr\/?p=3646"},"modified":"2018-03-28T17:39:29","modified_gmt":"2018-03-28T16:39:29","slug":"mars-2018-debut-de-saison-inventaires-vieilles-forets","status":"publish","type":"post","link":"http:\/\/www.nature-comminges.asso.fr\/index.php\/mars-2018-debut-de-saison-inventaires-vieilles-forets\/","title":{"rendered":"Mars 2018  &nbsp; D\u00e9but de saison des inventaires vieilles for\u00eats"},"content":{"rendered":"<p style=\"text-align: justify;\"><span style=\"font-size: large;\">Difficile au mois de Mars d\u2019aller inventorier des vieilles for\u00eats de montagne sous la neige \u2026 \u00e7a tombe bien, l&#8217;association participe \u00e0 l&#8217;inventaire \u00ab\u00a0vieilles for\u00eats de plaine\u00a0\u00bb dans le pi\u00e9mont, pour la plupart non exploit\u00e9s depuis au moins la premi\u00e8re guerre mondiale. Quelques photos de ces sylves oubli\u00e9es.<\/span><!--more--><\/p>\n<p style=\"text-align: justify;\"><br class=' sb-br' \/> <br class=' sb-br' \/><\/p>\n<div id=\"attachment_3670\" style=\"width: 893px\" class=\"wp-caption aligncenter\"><a href=\"http:\/\/www.nature-comminges.asso.fr\/wp-content\/uploads\/2018\/03\/P40_VF.jpg\" rel=\"lightbox[3646]\"><img aria-describedby=\"caption-attachment-3670\" loading=\"lazy\" class=\"wp-image-3670\" src=\"http:\/\/www.nature-comminges.asso.fr\/wp-content\/uploads\/2018\/03\/P40_VF.jpg\" alt=\"\" width=\"883\" height=\"376\" srcset=\"http:\/\/www.nature-comminges.asso.fr\/wp-content\/uploads\/2018\/03\/P40_VF.jpg 999w, http:\/\/www.nature-comminges.asso.fr\/wp-content\/uploads\/2018\/03\/P40_VF-300x128.jpg 300w, http:\/\/www.nature-comminges.asso.fr\/wp-content\/uploads\/2018\/03\/P40_VF-768x327.jpg 768w, http:\/\/www.nature-comminges.asso.fr\/wp-content\/uploads\/2018\/03\/P40_VF-624x265.jpg 624w\" sizes=\"(max-width: 883px) 100vw, 883px\" \/><\/a><p id=\"caption-attachment-3670\" class=\"wp-caption-text\">Vieille for\u00eat potentielle \u00e0 inventorier, for\u00eat domaniale de Montreich (Saleich). L&#8217;\u00e9tage arbustif, compos\u00e9 de buis, a subi les assauts de la pyrale.<\/p><\/div>\n<p style=\"text-align: justify;\"><span style=\"font-size: large;\">\u00a0<br class=' sb-br' \/> Philippe, charg\u00e9 de mission \u00e0 l\u2019Observatoire des for\u00eats, a \u00e9t\u00e9 accompagn\u00e9 de b\u00e9n\u00e9voles \u00e9tudiants et d&#8217;un stagiaire de l\u2019ONF pour arpenter plusieurs for\u00eats au mois de Mars, tant pour des inventaires que pour des prospections (rep\u00e9rages en vue de futurs inventaires). <\/span><\/p>\n<p style=\"text-align: justify;\"><span style=\"font-size: large;\">\u00a0<\/span><\/p>\n<p style=\"text-align: justify;\"><br class=' sb-br' \/><\/p>\n<div id=\"attachment_3653\" style=\"width: 457px\" class=\"wp-caption alignright\"><a href=\"http:\/\/www.nature-comminges.asso.fr\/wp-content\/uploads\/2018\/03\/compr-DSC06187.jpg\" rel=\"lightbox[3646]\"><img aria-describedby=\"caption-attachment-3653\" loading=\"lazy\" class=\"wp-image-3653 \" src=\"http:\/\/www.nature-comminges.asso.fr\/wp-content\/uploads\/2018\/03\/compr-DSC06187.jpg\" alt=\"\" width=\"447\" height=\"251\" srcset=\"http:\/\/www.nature-comminges.asso.fr\/wp-content\/uploads\/2018\/03\/compr-DSC06187.jpg 1500w, http:\/\/www.nature-comminges.asso.fr\/wp-content\/uploads\/2018\/03\/compr-DSC06187-300x169.jpg 300w, http:\/\/www.nature-comminges.asso.fr\/wp-content\/uploads\/2018\/03\/compr-DSC06187-768x432.jpg 768w, http:\/\/www.nature-comminges.asso.fr\/wp-content\/uploads\/2018\/03\/compr-DSC06187-1024x576.jpg 1024w, http:\/\/www.nature-comminges.asso.fr\/wp-content\/uploads\/2018\/03\/compr-DSC06187-624x351.jpg 624w\" sizes=\"(max-width: 447px) 100vw, 447px\" \/><\/a><p id=\"caption-attachment-3653\" class=\"wp-caption-text\">Inventaire for\u00eat domaniale de Sauveterre de Comminges<\/p><\/div>\n<div id=\"attachment_3652\" style=\"width: 457px\" class=\"wp-caption alignleft\"><a href=\"http:\/\/www.nature-comminges.asso.fr\/wp-content\/uploads\/2018\/03\/compr-DSC06183.jpg\" rel=\"lightbox[3646]\"><img aria-describedby=\"caption-attachment-3652\" loading=\"lazy\" class=\"wp-image-3652 \" src=\"http:\/\/www.nature-comminges.asso.fr\/wp-content\/uploads\/2018\/03\/compr-DSC06183.jpg\" alt=\"\" width=\"447\" height=\"251\" srcset=\"http:\/\/www.nature-comminges.asso.fr\/wp-content\/uploads\/2018\/03\/compr-DSC06183.jpg 1500w, http:\/\/www.nature-comminges.asso.fr\/wp-content\/uploads\/2018\/03\/compr-DSC06183-300x169.jpg 300w, http:\/\/www.nature-comminges.asso.fr\/wp-content\/uploads\/2018\/03\/compr-DSC06183-768x432.jpg 768w, http:\/\/www.nature-comminges.asso.fr\/wp-content\/uploads\/2018\/03\/compr-DSC06183-1024x576.jpg 1024w, http:\/\/www.nature-comminges.asso.fr\/wp-content\/uploads\/2018\/03\/compr-DSC06183-624x351.jpg 624w\" sizes=\"(max-width: 447px) 100vw, 447px\" \/><\/a><p id=\"caption-attachment-3652\" class=\"wp-caption-text\">Inventaire for\u00eat communale de Touille<\/p><\/div>\n<p style=\"text-align: justify;\"><span style=\"font-size: large;\">\u00a0<br class=' sb-br' \/> <br class=' sb-br' \/> <br class=' sb-br' \/> <br class=' sb-br' \/> <br class=' sb-br' \/> <br class=' sb-br' \/> <br class=' sb-br' \/> <br class=' sb-br' \/> <br class=' sb-br' \/> <br class=' sb-br' \/> Les b\u00e9n\u00e9voles (BTS Gestion Protection de la Nature, Master 1 Ecologie de l\u2019Universit\u00e9 Paul Sabatier \u00e0 Toulouse) ont \u00e9t\u00e9 tr\u00e8s int\u00e9ress\u00e9s par cette autre approche de la for\u00eat, permettant d\u2019\u00e9voluer dans un milieu bois\u00e9 atypique \u00e0 tr\u00e8s gros bois vivants et fort volume de bois mort, de rep\u00e9rer les dendro microhabitats, ces lieux de vie de petite taille abritant une grande diversit\u00e9 d\u2019esp\u00e8ces, de participer \u00e0 un inventaire d\u2019habitat forestier ancien et mature. <\/span><\/p>\n<p style=\"text-align: justify;\"><span style=\"font-size: large;\"><br class=' sb-br' \/><br \/>\n<\/span><\/p>\n<div id=\"attachment_3654\" style=\"width: 482px\" class=\"wp-caption alignright\"><a href=\"http:\/\/www.nature-comminges.asso.fr\/wp-content\/uploads\/2018\/03\/DSC06362.jpg\" rel=\"lightbox[3646]\"><img aria-describedby=\"caption-attachment-3654\" loading=\"lazy\" class=\"wp-image-3654\" src=\"http:\/\/www.nature-comminges.asso.fr\/wp-content\/uploads\/2018\/03\/DSC06362.jpg\" alt=\"\" width=\"472\" height=\"266\" srcset=\"http:\/\/www.nature-comminges.asso.fr\/wp-content\/uploads\/2018\/03\/DSC06362.jpg 3456w, http:\/\/www.nature-comminges.asso.fr\/wp-content\/uploads\/2018\/03\/DSC06362-300x169.jpg 300w, http:\/\/www.nature-comminges.asso.fr\/wp-content\/uploads\/2018\/03\/DSC06362-768x432.jpg 768w, http:\/\/www.nature-comminges.asso.fr\/wp-content\/uploads\/2018\/03\/DSC06362-1024x576.jpg 1024w, http:\/\/www.nature-comminges.asso.fr\/wp-content\/uploads\/2018\/03\/DSC06362-624x351.jpg 624w\" sizes=\"(max-width: 472px) 100vw, 472px\" \/><\/a><p id=\"caption-attachment-3654\" class=\"wp-caption-text\">Inventaire for\u00eat communale d&#8217;Ausseing<\/p><\/div>\n<p style=\"text-align: justify;\"><span style=\"font-size: large;\">\u00a0<br class=' sb-br' \/> Le but de cet inventaire est de dresser une typologie puis une cartographie des vieilles for\u00eats de plaine. La suite logique sera de constituer une trame \u00e9cologique de vieux bois permettant de conserver des for\u00eats vivantes et des tr\u00e8s gros bois dans la trame exploit\u00e9e. Mais nous n&#8217;en sommes pas encore l\u00e0 !<br \/>\n<\/span><\/p>\n<p style=\"text-align: justify;\"><span style=\"font-size: large;\">\u00a0<br class=' sb-br' \/>\u00a0 <br class=' sb-br' \/>\u00a0<\/span><\/p>\n<div id=\"attachment_3655\" style=\"width: 3466px\" class=\"wp-caption alignnone\"><a href=\"http:\/\/www.nature-comminges.asso.fr\/wp-content\/uploads\/2018\/03\/DSC06354.jpg\" rel=\"lightbox[3646]\"><img aria-describedby=\"caption-attachment-3655\" loading=\"lazy\" class=\"wp-image-3655 size-full\" src=\"http:\/\/www.nature-comminges.asso.fr\/wp-content\/uploads\/2018\/03\/DSC06354.jpg\" alt=\"\" width=\"3456\" height=\"1944\" srcset=\"http:\/\/www.nature-comminges.asso.fr\/wp-content\/uploads\/2018\/03\/DSC06354.jpg 3456w, http:\/\/www.nature-comminges.asso.fr\/wp-content\/uploads\/2018\/03\/DSC06354-300x169.jpg 300w, http:\/\/www.nature-comminges.asso.fr\/wp-content\/uploads\/2018\/03\/DSC06354-768x432.jpg 768w, http:\/\/www.nature-comminges.asso.fr\/wp-content\/uploads\/2018\/03\/DSC06354-1024x576.jpg 1024w, http:\/\/www.nature-comminges.asso.fr\/wp-content\/uploads\/2018\/03\/DSC06354-624x351.jpg 624w\" sizes=\"(max-width: 3456px) 100vw, 3456px\" \/><\/a><p id=\"caption-attachment-3655\" class=\"wp-caption-text\">Fructifications de polypores sur gros bois morts de h\u00eatre, for\u00eat communale d&#8217;Ausseing<\/p><\/div>\n<p style=\"text-align: justify;\"><br class=' sb-br' \/> <br class=' sb-br' \/><\/p>\n<p style=\"text-align: justify;\"><span style=\"font-size: large;\">Toute personne de l\u2019association qui souhaite participer \u00e0 ces inventaires est pri\u00e9e de se faire conna\u00eetre aupr\u00e8s de Philippe via l\u2019onglet \u00ab\u00a0nous conna\u00eetre &#8211; contact\u00a0\u00bb<\/span> <br class=' sb-br' \/> <br class=' sb-br' \/><\/p>\n<p style=\"text-align: justify;\"><span style=\"font-size: large;\">\u00a0<\/span><\/p>\n","protected":false},"excerpt":{"rendered":"<p>Difficile au mois de Mars d\u2019aller inventorier des vieilles for\u00eats de montagne sous la neige \u2026 \u00e7a tombe bien, l&#8217;association participe \u00e0 l&#8217;inventaire \u00ab\u00a0vieilles for\u00eats de plaine\u00a0\u00bb dans le pi\u00e9mont, pour la plupart non exploit\u00e9s depuis au moins la premi\u00e8re guerre mondiale. Quelques photos de ces sylves oubli\u00e9es.<\/p>\n","protected":false},"author":2,"featured_media":3681,"comment_status":"open","ping_status":"open","sticky":false,"template":"","format":"standard","meta":[],"categories":[6],"tags":[],"_links":{"self":[{"href":"http:\/\/www.nature-comminges.asso.fr\/index.php\/wp-json\/wp\/v2\/posts\/3646"}],"collection":[{"href":"http:\/\/www.nature-comminges.asso.fr\/index.php\/wp-json\/wp\/v2\/posts"}],"about":[{"href":"http:\/\/www.nature-comminges.asso.fr\/index.php\/wp-json\/wp\/v2\/types\/post"}],"author":[{"embeddable":true,"href":"http:\/\/www.nature-comminges.asso.fr\/index.php\/wp-json\/wp\/v2\/users\/2"}],"replies":[{"embeddable":true,"href":"http:\/\/www.nature-comminges.asso.fr\/index.php\/wp-json\/wp\/v2\/comments?post=3646"}],"version-history":[{"count":26,"href":"http:\/\/www.nature-comminges.asso.fr\/index.php\/wp-json\/wp\/v2\/posts\/3646\/revisions"}],"predecessor-version":[{"id":3679,"href":"http:\/\/www.nature-comminges.asso.fr\/index.php\/wp-json\/wp\/v2\/posts\/3646\/revisions\/3679"}],"wp:featuredmedia":[{"embeddable":true,"href":"http:\/\/www.nature-comminges.asso.fr\/index.php\/wp-json\/wp\/v2\/media\/3681"}],"wp:attachment":[{"href":"http:\/\/www.nature-comminges.asso.fr\/index.php\/wp-json\/wp\/v2\/media?parent=3646"}],"wp:term":[{"taxonomy":"category","embeddable":true,"href":"http:\/\/www.nature-comminges.asso.fr\/index.php\/wp-json\/wp\/v2\/categories?post=3646"},{"taxonomy":"post_tag","embeddable":true,"href":"http:\/\/www.nature-comminges.asso.fr\/index.php\/wp-json\/wp\/v2\/tags?post=3646"}],"curies":[{"name":"wp","href":"https:\/\/api.w.org\/{rel}","templated":true}]}}