{"id":3035,"date":"2017-01-04T14:57:51","date_gmt":"2017-01-04T13:57:51","guid":{"rendered":"http:\/\/www.nature-comminges.asso.fr\/?p=3035"},"modified":"2017-01-04T15:19:03","modified_gmt":"2017-01-04T14:19:03","slug":"tunnel-benasque-luchon","status":"publish","type":"post","link":"http:\/\/www.nature-comminges.asso.fr\/index.php\/tunnel-benasque-luchon\/","title":{"rendered":"D\u00e9cembre 2016 Tunnel Benasque-Luchon : ind\u00e9fendable"},"content":{"rendered":"<p><span style=\"font-size: large;\">Suite \u00e0 une r\u00e9union de l&#8217;association des commer\u00e7ants de Luchon le 07 D\u00e9cembre en faveur du tunnel Benasque-Luchon, Nature Comminges a fait paraitre un communiqu\u00e9 de presse dans la Gazette du Comminges.<\/span><!--more--><\/p>\n<p><span style=\"font-size: large;\">\u00a0<br class=' sb-br' \/> <br class=' sb-br' \/> Pour voir le r\u00e9sum\u00e9 de la r\u00e9union du 07 D\u00e9cembre, <span style=\"color: #0000ff;\"><strong><a style=\"color: #0000ff;\" href=\"http:\/\/www.luchonmag.com\/Et-alors-ce-tunnel_a4802.html\" target=\"_blank\">cliquer ici<\/a><\/strong><\/span>.<\/span><\/p>\n<p><span style=\"font-size: large;\">\u00a0<br class=' sb-br' \/> Pour voir le communiqu\u00e9 de presse de Nature Comminges, <span style=\"color: #0000ff;\"><strong><a style=\"color: #0000ff;\" href=\"http:\/\/www.nature-comminges.asso.fr\/wp-content\/uploads\/2016\/12\/CP Tunnel Luchon Benasque 2016.pdf\" target=\"_blank\">cliquer ici<\/a><\/strong><\/span>.<\/span><\/p>\n<p><span style=\"font-size: large;\">\u00a0<br class=' sb-br' \/> Pour voir la lettre adress\u00e9e au Conseil r\u00e9gional, <strong><span style=\"color: #0000ff;\"><a style=\"color: #0000ff;\" href=\"http:\/\/www.nature-comminges.asso.fr\/wp-content\/uploads\/2016\/12\/Lettre Conseil r\u00e9gional Tunnel Luchon Benasque.pdf\" target=\"_blank\">cliquer ici<\/a><\/span><\/strong>.<\/span><\/p>\n<p>&nbsp;<\/p>\n<p>&nbsp;<\/p>\n<p>&nbsp;<\/p>\n","protected":false},"excerpt":{"rendered":"<p>Suite \u00e0 une r\u00e9union de l&#8217;association des commer\u00e7ants de Luchon le 07 D\u00e9cembre en faveur du tunnel Benasque-Luchon, Nature Comminges a fait paraitre un communiqu\u00e9 de presse dans la Gazette du Comminges.<\/p>\n","protected":false},"author":2,"featured_media":3036,"comment_status":"open","ping_status":"open","sticky":false,"template":"","format":"standard","meta":[],"categories":[6],"tags":[],"_links":{"self":[{"href":"http:\/\/www.nature-comminges.asso.fr\/index.php\/wp-json\/wp\/v2\/posts\/3035"}],"collection":[{"href":"http:\/\/www.nature-comminges.asso.fr\/index.php\/wp-json\/wp\/v2\/posts"}],"about":[{"href":"http:\/\/www.nature-comminges.asso.fr\/index.php\/wp-json\/wp\/v2\/types\/post"}],"author":[{"embeddable":true,"href":"http:\/\/www.nature-comminges.asso.fr\/index.php\/wp-json\/wp\/v2\/users\/2"}],"replies":[{"embeddable":true,"href":"http:\/\/www.nature-comminges.asso.fr\/index.php\/wp-json\/wp\/v2\/comments?post=3035"}],"version-history":[{"count":6,"href":"http:\/\/www.nature-comminges.asso.fr\/index.php\/wp-json\/wp\/v2\/posts\/3035\/revisions"}],"predecessor-version":[{"id":3052,"href":"http:\/\/www.nature-comminges.asso.fr\/index.php\/wp-json\/wp\/v2\/posts\/3035\/revisions\/3052"}],"wp:featuredmedia":[{"embeddable":true,"href":"http:\/\/www.nature-comminges.asso.fr\/index.php\/wp-json\/wp\/v2\/media\/3036"}],"wp:attachment":[{"href":"http:\/\/www.nature-comminges.asso.fr\/index.php\/wp-json\/wp\/v2\/media?parent=3035"}],"wp:term":[{"taxonomy":"category","embeddable":true,"href":"http:\/\/www.nature-comminges.asso.fr\/index.php\/wp-json\/wp\/v2\/categories?post=3035"},{"taxonomy":"post_tag","embeddable":true,"href":"http:\/\/www.nature-comminges.asso.fr\/index.php\/wp-json\/wp\/v2\/tags?post=3035"}],"curies":[{"name":"wp","href":"https:\/\/api.w.org\/{rel}","templated":true}]}}