{"id":2954,"date":"2016-10-13T14:21:20","date_gmt":"2016-10-13T13:21:20","guid":{"rendered":"http:\/\/www.nature-comminges.asso.fr\/?p=2954"},"modified":"2018-04-11T16:39:23","modified_gmt":"2018-04-11T15:39:23","slug":"octobre-2016-formation-sur-la-protection-des-habitats-forestiers","status":"publish","type":"post","link":"http:\/\/www.nature-comminges.asso.fr\/index.php\/octobre-2016-formation-sur-la-protection-des-habitats-forestiers\/","title":{"rendered":"Octobre 2016  &nbsp; Formation sur la protection des habitats forestiers"},"content":{"rendered":"<p><span style=\"font-size: large;\">B\u00e9n\u00e9voles, emparez-vous des outils existants pour la protection des esp\u00e8ces et habitats forestiers pyr\u00e9n\u00e9ens\u00a0! Tel \u00e9tait le titre de la formation propos\u00e9e par FNE et Nature Comminges le 06 Octobre.<\/span><!--more--><\/p>\n<p style=\"text-align: justify;\"><span style=\"font-size: large;\">\u00a0<br class=' sb-br' \/> <br class=' sb-br' \/> La formation, \u00e0 destination des b\u00e9n\u00e9voles et salari\u00e9s des associations de protection de la nature se sentant concern\u00e9s, a affich\u00e9 complet avec 16 participants.<\/span><\/p>\n<p style=\"text-align: justify;\"><span style=\"font-size: large;\">Elle a r\u00e9uni des b\u00e9n\u00e9voles (Nature Midi Pyr\u00e9n\u00e9es, Nature Comminges, Comit\u00e9 Ecologique Ari\u00e9geois ), des services civiques (FNE, Pays de l&#8217;Ours), des \u00e9tudiants (ENSAT, Master Ecologie de l&#8217;Universit\u00e9 Paul Sabatier), des citoyens et une professeur d&#8217;\u00e9cologie en lyc\u00e9e professionnel. <br class=' sb-br' \/>\u00a0<\/span><\/p>\n<p style=\"text-align: justify;\"><span style=\"font-size: large;\">La formation en salle le matin \u00e0 la Maison des Associations de Saint Gaudens, a abord\u00e9 les diff\u00e9rents outils existants pour la veille \u00e9cologique, la sensibilisation et la protection des habitats forestiers remarquables et de ses esp\u00e8ces. <br class=' sb-br' \/>\u00a0<a href=\"http:\/\/www.nature-comminges.asso.fr\/wp-content\/uploads\/2016\/10\/IMG_6389.jpg\" rel=\"lightbox[2954]\"><img loading=\"lazy\" class=\"alignnone size-full wp-image-2955\" src=\"http:\/\/www.nature-comminges.asso.fr\/wp-content\/uploads\/2016\/10\/IMG_6389.jpg\" alt=\"img_6389\" width=\"1000\" height=\"562\" srcset=\"http:\/\/www.nature-comminges.asso.fr\/wp-content\/uploads\/2016\/10\/IMG_6389.jpg 1000w, http:\/\/www.nature-comminges.asso.fr\/wp-content\/uploads\/2016\/10\/IMG_6389-300x169.jpg 300w, http:\/\/www.nature-comminges.asso.fr\/wp-content\/uploads\/2016\/10\/IMG_6389-768x432.jpg 768w, http:\/\/www.nature-comminges.asso.fr\/wp-content\/uploads\/2016\/10\/IMG_6389-624x351.jpg 624w\" sizes=\"(max-width: 1000px) 100vw, 1000px\" \/><\/a><\/span><\/p>\n<p style=\"text-align: justify;\"><span style=\"font-size: large;\">\u00a0<br class=' sb-br' \/> L&#8217;apr\u00e8s midi, c&#8217;est dans une for\u00eat mature de pi\u00e9mont, inventori\u00e9e par le formateur pour le Groupe d&#8217;Etudes des Vieilles For\u00eats Pyr\u00e9n\u00e9ennes, que se sont d\u00e9roul\u00e9s les travaux pratiques, consistant \u00e0 identifier les dendro microhabitats, et conna\u00eetre les crit\u00e8res d&#8217;une vieille for\u00eat. Un vieux h\u00eatre de 1m80 de diam\u00e8tre a notamment \u00e9t\u00e9 sujet d&#8217;\u00e9tude &#8230;\u00a0<\/span><\/p>\n<p style=\"text-align: justify;\"><span style=\"font-size: large;\">Plusieurs b\u00e9n\u00e9voles ont exprim\u00e9 leur envie de s&#8217;impliquer au niveau de leur association ou de leur commune, et de participer \u00e0 de futurs inventaires. Leur motivation est la bienvenue !\u00a0 <br class=' sb-br' \/>\u00a0<\/span><\/p>\n<p style=\"text-align: justify;\"><span style=\"font-size: large;\"><a href=\"http:\/\/www.nature-comminges.asso.fr\/wp-content\/uploads\/2016\/10\/P1010057.jpg\" rel=\"lightbox[2954]\"><img loading=\"lazy\" class=\" wp-image-2956 alignright\" src=\"http:\/\/www.nature-comminges.asso.fr\/wp-content\/uploads\/2016\/10\/P1010057.jpg\" alt=\"p1010057\" width=\"421\" height=\"316\" srcset=\"http:\/\/www.nature-comminges.asso.fr\/wp-content\/uploads\/2016\/10\/P1010057.jpg 1000w, http:\/\/www.nature-comminges.asso.fr\/wp-content\/uploads\/2016\/10\/P1010057-300x225.jpg 300w, http:\/\/www.nature-comminges.asso.fr\/wp-content\/uploads\/2016\/10\/P1010057-768x576.jpg 768w, http:\/\/www.nature-comminges.asso.fr\/wp-content\/uploads\/2016\/10\/P1010057-624x468.jpg 624w\" sizes=\"(max-width: 421px) 100vw, 421px\" \/><\/a><a href=\"http:\/\/www.nature-comminges.asso.fr\/wp-content\/uploads\/2016\/10\/P1010063.jpg\" rel=\"lightbox[2954]\"><img loading=\"lazy\" class=\" wp-image-2957 alignleft\" src=\"http:\/\/www.nature-comminges.asso.fr\/wp-content\/uploads\/2016\/10\/P1010063.jpg\" alt=\"p1010063\" width=\"421\" height=\"316\" srcset=\"http:\/\/www.nature-comminges.asso.fr\/wp-content\/uploads\/2016\/10\/P1010063.jpg 1000w, http:\/\/www.nature-comminges.asso.fr\/wp-content\/uploads\/2016\/10\/P1010063-300x225.jpg 300w, http:\/\/www.nature-comminges.asso.fr\/wp-content\/uploads\/2016\/10\/P1010063-768x576.jpg 768w, http:\/\/www.nature-comminges.asso.fr\/wp-content\/uploads\/2016\/10\/P1010063-624x468.jpg 624w\" sizes=\"(max-width: 421px) 100vw, 421px\" \/><\/a>\u00a0<br class=' sb-br' \/> <br class=' sb-br' \/> <br class=' sb-br' \/> <br class=' sb-br' \/> <br class=' sb-br' \/> <br class=' sb-br' \/> <br class=' sb-br' \/> <br class=' sb-br' \/> <br class=' sb-br' \/> <br class=' sb-br' \/> <br class=' sb-br' \/> <br class=' sb-br' \/> Devant le succ\u00e8s de la formation, une nouvelle journ\u00e9e est pr\u00e9vue au mois de D\u00e9cembre 2016. <br class=' sb-br' \/>\u00a0 <br class=' sb-br' \/>\u00a0<\/span><\/p>\n<p>&nbsp;<\/p>\n","protected":false},"excerpt":{"rendered":"<p>B\u00e9n\u00e9voles, emparez-vous des outils existants pour la protection des esp\u00e8ces et habitats forestiers pyr\u00e9n\u00e9ens\u00a0! Tel \u00e9tait le titre de la formation propos\u00e9e par FNE et Nature Comminges le 06 Octobre.<\/p>\n","protected":false},"author":2,"featured_media":2958,"comment_status":"open","ping_status":"open","sticky":false,"template":"","format":"standard","meta":[],"categories":[6],"tags":[],"_links":{"self":[{"href":"http:\/\/www.nature-comminges.asso.fr\/index.php\/wp-json\/wp\/v2\/posts\/2954"}],"collection":[{"href":"http:\/\/www.nature-comminges.asso.fr\/index.php\/wp-json\/wp\/v2\/posts"}],"about":[{"href":"http:\/\/www.nature-comminges.asso.fr\/index.php\/wp-json\/wp\/v2\/types\/post"}],"author":[{"embeddable":true,"href":"http:\/\/www.nature-comminges.asso.fr\/index.php\/wp-json\/wp\/v2\/users\/2"}],"replies":[{"embeddable":true,"href":"http:\/\/www.nature-comminges.asso.fr\/index.php\/wp-json\/wp\/v2\/comments?post=2954"}],"version-history":[{"count":21,"href":"http:\/\/www.nature-comminges.asso.fr\/index.php\/wp-json\/wp\/v2\/posts\/2954\/revisions"}],"predecessor-version":[{"id":3685,"href":"http:\/\/www.nature-comminges.asso.fr\/index.php\/wp-json\/wp\/v2\/posts\/2954\/revisions\/3685"}],"wp:featuredmedia":[{"embeddable":true,"href":"http:\/\/www.nature-comminges.asso.fr\/index.php\/wp-json\/wp\/v2\/media\/2958"}],"wp:attachment":[{"href":"http:\/\/www.nature-comminges.asso.fr\/index.php\/wp-json\/wp\/v2\/media?parent=2954"}],"wp:term":[{"taxonomy":"category","embeddable":true,"href":"http:\/\/www.nature-comminges.asso.fr\/index.php\/wp-json\/wp\/v2\/categories?post=2954"},{"taxonomy":"post_tag","embeddable":true,"href":"http:\/\/www.nature-comminges.asso.fr\/index.php\/wp-json\/wp\/v2\/tags?post=2954"}],"curies":[{"name":"wp","href":"https:\/\/api.w.org\/{rel}","templated":true}]}}