{"id":2495,"date":"2016-04-18T13:35:43","date_gmt":"2016-04-18T12:35:43","guid":{"rendered":"http:\/\/www.nature-comminges.asso.fr\/?p=2495"},"modified":"2016-04-20T09:26:08","modified_gmt":"2016-04-20T08:26:08","slug":"avril-2016-decouverte-dune-flore-atypique","status":"publish","type":"post","link":"http:\/\/www.nature-comminges.asso.fr\/index.php\/avril-2016-decouverte-dune-flore-atypique\/","title":{"rendered":"Avril 2016 : D\u00e9couverte d\u2019une flore atypique"},"content":{"rendered":"<p><span style=\"font-size: large;\">Sortie du 9 avril 2016, \u00e0 la d\u00e9couverte d\u2019une flore atypique : la fritillaire des Pyr\u00e9n\u00e9es et la cardamine \u00e0 7 feuilles. A 9 h 45 nous sommes partis vers le premier site, une prairie en pente au-dessus de la Garonne.<\/span><!--more--><\/p>\n<p><span style=\"font-size: large;\">\u00a0<br class=' sb-br' \/> Au rendez-vous au lavoir de Gourdan, \u00e0 9 h 30, 2 adh\u00e9rents \u00e9taient pr\u00e9sents. <\/span><\/p>\n<p><span style=\"font-size: large;\">Sur les 500 m<\/span><sup><span style=\"font-size: large;\">2<\/span><\/sup><span style=\"font-size: large;\"> environ de ce site o\u00f9 une soixante de pieds de fritillaires des Pyr\u00e9n\u00e9es (<\/span><em><span style=\"font-size: large;\">Fritillaria pyrenaica<\/span><\/em><span style=\"font-size: large;\">) avaient \u00e9t\u00e9 recens\u00e9s 15 jours avant, une quinzaine \u00e9taient en fleurs, d\u2019autres sur le point de fleurir au milieu de cardamines des pr\u00e9s (<\/span><em><span style=\"font-size: large;\">Cardamine pratensis<\/span><\/em><span style=\"font-size: large;\">), de scilles printani\u00e8res (<\/span><em><span style=\"font-size: large;\">Scilla verna), <\/span><\/em><span style=\"font-size: large;\">de primev\u00e8res officinales (<\/span><em><span style=\"font-size: large;\">Primula veris<\/span><\/em><span style=\"font-size: large;\">) et d\u2019orchis m\u00e2les (<\/span><em><span style=\"font-size: large;\">Orchis mascula<\/span><\/em><span style=\"font-size: large;\">) en d\u00e9but de floraison.<\/span><\/p>\n<p><span style=\"font-size: large;\"><br class=' sb-br' \/> Sur le deuxi\u00e8me site, un sous-bois en bordure de la Garonne, les cardamines \u00e0 7 feuilles (<\/span><em><span style=\"font-size: large;\">Cardamine heptaphylla<\/span><\/em><span style=\"font-size: large;\">) \u00e9taient en fleurs. Apr\u00e8s le pique-nique sur une gr\u00e8ve au bord de la Garonne, nous avons repris nos observations dans ce sous-bois fleuri\u00a0: Ail des ours (<\/span><em><span style=\"font-size: large;\">Allium ursinum<\/span><\/em><span style=\"font-size: large;\">), An\u00e9mone fausse-renoncule (<\/span><em><span style=\"font-size: large;\">Anemone ranuncoloides<\/span><\/em><span style=\"font-size: large;\">), Cardamine \u00e0 larges feuilles (<\/span><em><span style=\"font-size: large;\">Cardamine raphanifolia<\/span><\/em><span style=\"font-size: large;\">), G\u00e9ranium livide (<\/span><em><span style=\"font-size: large;\">Geranium phaeum<\/span><\/em><span style=\"font-size: large;\">), Petite pervenche (<\/span><em><span style=\"font-size: large;\">Vinca minor<\/span><\/em><span style=\"font-size: large;\">), Scille-lis-jacinthe (<\/span><em><span style=\"font-size: large;\">Scilla liliohyacinthus<\/span><\/em><span style=\"font-size: large;\">), des an\u00e9mones des bois (<\/span><em><span style=\"font-size: large;\">Anemone nemorosa<\/span><\/em><span style=\"font-size: large;\">) en fin de floraison, le feuillage d\u2019isopyres (<\/span><em><span style=\"font-size: large;\">Isopyrum thalictroides<\/span><\/em><span style=\"font-size: large;\">) \u00e0 la floraison termin\u00e9e et de cyclamens de Naples (<\/span><em><span style=\"font-size: large;\">Cyclamen hederifolium<\/span><\/em><span style=\"font-size: large;\">) \u00e0 floraison de fin d\u2019\u00e9t\u00e9.<\/span><\/p>\n<p><span style=\"font-size: large;\"><br class=' sb-br' \/> Sur notre chemin de retour, nous avons crois\u00e9 un habitant de Gourdan. Passionn\u00e9 d\u2019histoire locale, il a tenu \u00e0 nous faire l\u2019historique de Gourdan, depuis l\u2019Aurignacien jusqu\u2019\u00e0 la moiti\u00e9 du XX<sup>e\u00a0 <\/sup>(grotte de l\u2019\u00c9l\u00e9phant, petit s\u00e9minaire de Polignan, destruction du ch\u00e2teau m\u00e9di\u00e9val de la montagne Bouchet).<\/span><\/p>\n<p><span style=\"font-size: large;\"><br class=' sb-br' \/> Nous avons quitt\u00e9 Gourdan vers 17 heures.<\/span><\/p>\n<p><span style=\"font-size: large;\"><br class=' sb-br' \/> En d\u00e9pit d\u2019un temps frais et maussade, notre journ\u00e9e a \u00e9t\u00e9 tr\u00e8s agr\u00e9able tant sur le plan floristique que relationnel.<\/span><\/p>\n<p>&nbsp;<\/p>\n<p><a href=\"http:\/\/www.nature-comminges.asso.fr\/wp-content\/uploads\/2016\/04\/DSCN1502.jpg\" rel=\"lightbox[2495]\"><img loading=\"lazy\" class=\"size-full wp-image-2496 aligncenter\" src=\"http:\/\/www.nature-comminges.asso.fr\/wp-content\/uploads\/2016\/04\/DSCN1502.jpg\" alt=\"fritillaire des Pyr\u00e9n\u00e9es\" width=\"400\" height=\"300\" srcset=\"http:\/\/www.nature-comminges.asso.fr\/wp-content\/uploads\/2016\/04\/DSCN1502.jpg 400w, http:\/\/www.nature-comminges.asso.fr\/wp-content\/uploads\/2016\/04\/DSCN1502-300x225.jpg 300w\" sizes=\"(max-width: 400px) 100vw, 400px\" \/><\/a><\/p>\n","protected":false},"excerpt":{"rendered":"<p>Sortie du 9 avril 2016, \u00e0 la d\u00e9couverte d\u2019une flore atypique : la fritillaire des Pyr\u00e9n\u00e9es et la cardamine \u00e0 7 feuilles. A 9 h 45 nous sommes partis vers le premier site, une prairie en pente au-dessus de la Garonne.<\/p>\n","protected":false},"author":2,"featured_media":2497,"comment_status":"open","ping_status":"open","sticky":false,"template":"","format":"standard","meta":[],"categories":[6],"tags":[33,29,32],"_links":{"self":[{"href":"http:\/\/www.nature-comminges.asso.fr\/index.php\/wp-json\/wp\/v2\/posts\/2495"}],"collection":[{"href":"http:\/\/www.nature-comminges.asso.fr\/index.php\/wp-json\/wp\/v2\/posts"}],"about":[{"href":"http:\/\/www.nature-comminges.asso.fr\/index.php\/wp-json\/wp\/v2\/types\/post"}],"author":[{"embeddable":true,"href":"http:\/\/www.nature-comminges.asso.fr\/index.php\/wp-json\/wp\/v2\/users\/2"}],"replies":[{"embeddable":true,"href":"http:\/\/www.nature-comminges.asso.fr\/index.php\/wp-json\/wp\/v2\/comments?post=2495"}],"version-history":[{"count":12,"href":"http:\/\/www.nature-comminges.asso.fr\/index.php\/wp-json\/wp\/v2\/posts\/2495\/revisions"}],"predecessor-version":[{"id":2511,"href":"http:\/\/www.nature-comminges.asso.fr\/index.php\/wp-json\/wp\/v2\/posts\/2495\/revisions\/2511"}],"wp:featuredmedia":[{"embeddable":true,"href":"http:\/\/www.nature-comminges.asso.fr\/index.php\/wp-json\/wp\/v2\/media\/2497"}],"wp:attachment":[{"href":"http:\/\/www.nature-comminges.asso.fr\/index.php\/wp-json\/wp\/v2\/media?parent=2495"}],"wp:term":[{"taxonomy":"category","embeddable":true,"href":"http:\/\/www.nature-comminges.asso.fr\/index.php\/wp-json\/wp\/v2\/categories?post=2495"},{"taxonomy":"post_tag","embeddable":true,"href":"http:\/\/www.nature-comminges.asso.fr\/index.php\/wp-json\/wp\/v2\/tags?post=2495"}],"curies":[{"name":"wp","href":"https:\/\/api.w.org\/{rel}","templated":true}]}}