{"id":2361,"date":"2016-01-28T14:09:37","date_gmt":"2016-01-28T13:09:37","guid":{"rendered":"http:\/\/www.nature-comminges.asso.fr\/?p=2361"},"modified":"2016-01-28T14:43:52","modified_gmt":"2016-01-28T13:43:52","slug":"fevrier-2016-pourquoi-proteger-les-zones-humides","status":"publish","type":"post","link":"http:\/\/www.nature-comminges.asso.fr\/index.php\/fevrier-2016-pourquoi-proteger-les-zones-humides\/","title":{"rendered":"F\u00e9vrier 2016 &nbsp; Pourquoi prot\u00e9ger les zones humides\u00a0?"},"content":{"rendered":"<p style=\"text-align: justify;\"><span style=\"font-size: large;\">Le mardi 2 f\u00e9vrier 2016, l&#8217;AREMIP et la Cellule d&#8217;Assistance Technique des Zones Humides des Pyr\u00e9n\u00e9es centrales organisent une soir\u00e9e projection-d\u00e9bat gratuite avec le film &#8220;Tourbi\u00e8res au pied des Pyr\u00e9n\u00e9es&#8221;.<\/span><!--more--> <br class=' sb-br' \/> <br class=' sb-br' \/>\u00a0 <br class=' sb-br' \/><\/p>\n<p style=\"text-align: justify;\"><span style=\"font-size: large;\"><a href=\"http:\/\/www.nature-comminges.asso.fr\/wp-content\/uploads\/2016\/01\/original.jpg\" rel=\"lightbox[2361]\"><img loading=\"lazy\" class=\"alignright wp-image-2378 size-full\" src=\"http:\/\/www.nature-comminges.asso.fr\/wp-content\/uploads\/2016\/01\/original.jpg\" alt=\"original\" width=\"448\" height=\"336\" srcset=\"http:\/\/www.nature-comminges.asso.fr\/wp-content\/uploads\/2016\/01\/original.jpg 448w, http:\/\/www.nature-comminges.asso.fr\/wp-content\/uploads\/2016\/01\/original-300x225.jpg 300w\" sizes=\"(max-width: 448px) 100vw, 448px\" \/><\/a><\/span><span style=\"font-size: large;\">\u00a0<br class=' sb-br' \/> <br class=' sb-br' \/> <br class=' sb-br' \/> Rendez-vous<\/span> <span style=\"font-size: large;\">\u00e0 20h30 au cin\u00e9ma associatif &#8220;Les vari\u00e9t\u00e9s&#8221; 7, place de Verdun 31210 \u00e0 Montrejeau. L&#8217;entr\u00e9e est gratuite et ouverte \u00e0 tous.<\/span><\/p>\n<p style=\"text-align: justify;\"><span style=\"font-size: large;\">\u00a0<br class=' sb-br' \/> Pour plus d&#8217;informations, <strong><span style=\"color: #333399;\"><a style=\"color: #333399;\" href=\"http:\/\/www.zones-humides-pyrenees-centrales.fr\/\" target=\"_blank\">cliquer ici<\/a><\/span><\/strong>.<\/span><\/p>\n<p style=\"text-align: justify;\"><span style=\"font-size: large;\">\u00a0 <br class=' sb-br' \/>\u00a0 <br class=' sb-br' \/>\u00a0 <br class=' sb-br' \/>\u00a0 <br class=' sb-br' \/>\u00a0<\/span><\/p>\n<p>&nbsp;<\/p>\n","protected":false},"excerpt":{"rendered":"<p>Le mardi 2 f\u00e9vrier 2016, l&#8217;AREMIP et la Cellule d&#8217;Assistance Technique des Zones Humides des Pyr\u00e9n\u00e9es centrales organisent une soir\u00e9e projection-d\u00e9bat gratuite avec le film &#8220;Tourbi\u00e8res au pied des Pyr\u00e9n\u00e9es&#8221;.<\/p>\n","protected":false},"author":2,"featured_media":2378,"comment_status":"open","ping_status":"open","sticky":false,"template":"","format":"standard","meta":[],"categories":[6],"tags":[],"_links":{"self":[{"href":"http:\/\/www.nature-comminges.asso.fr\/index.php\/wp-json\/wp\/v2\/posts\/2361"}],"collection":[{"href":"http:\/\/www.nature-comminges.asso.fr\/index.php\/wp-json\/wp\/v2\/posts"}],"about":[{"href":"http:\/\/www.nature-comminges.asso.fr\/index.php\/wp-json\/wp\/v2\/types\/post"}],"author":[{"embeddable":true,"href":"http:\/\/www.nature-comminges.asso.fr\/index.php\/wp-json\/wp\/v2\/users\/2"}],"replies":[{"embeddable":true,"href":"http:\/\/www.nature-comminges.asso.fr\/index.php\/wp-json\/wp\/v2\/comments?post=2361"}],"version-history":[{"count":20,"href":"http:\/\/www.nature-comminges.asso.fr\/index.php\/wp-json\/wp\/v2\/posts\/2361\/revisions"}],"predecessor-version":[{"id":2386,"href":"http:\/\/www.nature-comminges.asso.fr\/index.php\/wp-json\/wp\/v2\/posts\/2361\/revisions\/2386"}],"wp:featuredmedia":[{"embeddable":true,"href":"http:\/\/www.nature-comminges.asso.fr\/index.php\/wp-json\/wp\/v2\/media\/2378"}],"wp:attachment":[{"href":"http:\/\/www.nature-comminges.asso.fr\/index.php\/wp-json\/wp\/v2\/media?parent=2361"}],"wp:term":[{"taxonomy":"category","embeddable":true,"href":"http:\/\/www.nature-comminges.asso.fr\/index.php\/wp-json\/wp\/v2\/categories?post=2361"},{"taxonomy":"post_tag","embeddable":true,"href":"http:\/\/www.nature-comminges.asso.fr\/index.php\/wp-json\/wp\/v2\/tags?post=2361"}],"curies":[{"name":"wp","href":"https:\/\/api.w.org\/{rel}","templated":true}]}}